{"id":61273,"date":"2026-04-24T14:40:35","date_gmt":"2026-04-24T17:40:35","guid":{"rendered":"http:\/\/masquenoticiastucuman.com.ar\/?p=61273"},"modified":"2026-04-24T14:40:35","modified_gmt":"2026-04-24T17:40:35","slug":"deportivo-riestra-vs-independiente-por-el-torneo-apertura-2026-en-vivo-a-que-hora-es-donde-y-como-ver","status":"publish","type":"post","link":"https:\/\/masquenoticiastucuman.com.ar\/?p=61273","title":{"rendered":"Deportivo Riestra vs Independiente, por el Torneo Apertura 2026, EN VIVO: a qu\u00e9 hora es, d\u00f3nde y c\u00f3mo ver"},"content":{"rendered":"<ul>\n<li>El Malevo todav\u00eda no gan\u00f3 en el certamen y recibe al Rojo, que viene en levantada.<\/li>\n<li>El equipo de Gustavo Quinteros busca ganar y meterse en el top 8 de los playoffs.<\/li>\n<li>El minuto a minuto del partido y las mejores jugadas.<\/li>\n<\/ul>\n<p>\u200bEl Malevo todav\u00eda no gan\u00f3 en el certamen y recibe al Rojo, que viene en levantada.El equipo de Gustavo Quinteros busca ganar y meterse en el top 8 de los playoffs.El minuto a minuto del partido y las mejores jugadas.\u00a0<a href=\"https:\/\/www.clarin.com\/deportes\/deportivo-riestra-vs-independiente-torneo-apertura-2026-vivo-hora-ver_0_XYj7oYM22o.html\" target=\"_blank\" class=\"feedzy-rss-link-icon\">Read More<\/a><\/p>","protected":false},"excerpt":{"rendered":"<p>El Malevo todav\u00eda no gan\u00f3 en el certamen y recibe al Rojo, que viene en&#8230;<\/p>\n","protected":false},"author":1,"featured_media":0,"comment_status":"open","ping_status":"open","sticky":false,"template":"","format":"standard","meta":{"footnotes":""},"categories":[6],"tags":[],"class_list":["post-61273","post","type-post","status-publish","format-standard","has-post-thumbnail","hentry","category-deportes"],"_links":{"self":[{"href":"https:\/\/masquenoticiastucuman.com.ar\/index.php?rest_route=\/wp\/v2\/posts\/61273","targetHints":{"allow":["GET"]}}],"collection":[{"href":"https:\/\/masquenoticiastucuman.com.ar\/index.php?rest_route=\/wp\/v2\/posts"}],"about":[{"href":"https:\/\/masquenoticiastucuman.com.ar\/index.php?rest_route=\/wp\/v2\/types\/post"}],"author":[{"embeddable":true,"href":"https:\/\/masquenoticiastucuman.com.ar\/index.php?rest_route=\/wp\/v2\/users\/1"}],"replies":[{"embeddable":true,"href":"https:\/\/masquenoticiastucuman.com.ar\/index.php?rest_route=%2Fwp%2Fv2%2Fcomments&post=61273"}],"version-history":[{"count":0,"href":"https:\/\/masquenoticiastucuman.com.ar\/index.php?rest_route=\/wp\/v2\/posts\/61273\/revisions"}],"wp:attachment":[{"href":"https:\/\/masquenoticiastucuman.com.ar\/index.php?rest_route=%2Fwp%2Fv2%2Fmedia&parent=61273"}],"wp:term":[{"taxonomy":"category","embeddable":true,"href":"https:\/\/masquenoticiastucuman.com.ar\/index.php?rest_route=%2Fwp%2Fv2%2Fcategories&post=61273"},{"taxonomy":"post_tag","embeddable":true,"href":"https:\/\/masquenoticiastucuman.com.ar\/index.php?rest_route=%2Fwp%2Fv2%2Ftags&post=61273"}],"curies":[{"name":"wp","href":"https:\/\/api.w.org\/{rel}","templated":true}]}}