{"id":61275,"date":"2026-04-24T17:02:20","date_gmt":"2026-04-24T20:02:20","guid":{"rendered":"http:\/\/masquenoticiastucuman.com.ar\/?p=61275"},"modified":"2026-04-24T17:02:20","modified_gmt":"2026-04-24T20:02:20","slug":"se-destrabo-el-conflicto-en-el-puerto-de-quequen-tras-mas-de-15-dias-de-paro","status":"publish","type":"post","link":"https:\/\/masquenoticiastucuman.com.ar\/?p=61275","title":{"rendered":"Se destrab\u00f3 el conflicto en el Puerto de Quequ\u00e9n tras m\u00e1s de 15 d\u00edas de paro"},"content":{"rendered":"<ul>\n<li>Un reclamo de transportistas hab\u00eda derivado en bloqueos de acceso al puerto. <\/li>\n<li>Hab\u00eda al menos 17 buques esperando carga y unas 347.600 toneladas de granos demoradas.<\/li>\n<li>Tras un acuerdo de aumento de tarifas, se espera que en las pr\u00f3ximas horas comience a normalizarse el ingreso de camiones.<\/li>\n<\/ul>\n<p>\u200bUn reclamo de transportistas hab\u00eda derivado en bloqueos de acceso al puerto. Hab\u00eda al menos 17 buques esperando carga y unas 347.600 toneladas de granos demoradas.Tras un acuerdo de aumento de tarifas, se espera que en las pr\u00f3ximas horas comience a normalizarse el ingreso de camiones.\u00a0<a href=\"https:\/\/www.clarin.com\/rural\/destrabo-conflicto-puerto-quequen-15-dias-paro_0_XdApRwTDzT.html\" target=\"_blank\" class=\"feedzy-rss-link-icon\">Read More<\/a><\/p>","protected":false},"excerpt":{"rendered":"<p>Un reclamo de transportistas hab\u00eda derivado en bloqueos de acceso al puerto. Hab\u00eda al menos&#8230;<\/p>\n","protected":false},"author":1,"featured_media":0,"comment_status":"open","ping_status":"open","sticky":false,"template":"","format":"standard","meta":{"footnotes":""},"categories":[3],"tags":[],"class_list":["post-61275","post","type-post","status-publish","format-standard","has-post-thumbnail","hentry","category-nacionales"],"_links":{"self":[{"href":"https:\/\/masquenoticiastucuman.com.ar\/index.php?rest_route=\/wp\/v2\/posts\/61275","targetHints":{"allow":["GET"]}}],"collection":[{"href":"https:\/\/masquenoticiastucuman.com.ar\/index.php?rest_route=\/wp\/v2\/posts"}],"about":[{"href":"https:\/\/masquenoticiastucuman.com.ar\/index.php?rest_route=\/wp\/v2\/types\/post"}],"author":[{"embeddable":true,"href":"https:\/\/masquenoticiastucuman.com.ar\/index.php?rest_route=\/wp\/v2\/users\/1"}],"replies":[{"embeddable":true,"href":"https:\/\/masquenoticiastucuman.com.ar\/index.php?rest_route=%2Fwp%2Fv2%2Fcomments&post=61275"}],"version-history":[{"count":0,"href":"https:\/\/masquenoticiastucuman.com.ar\/index.php?rest_route=\/wp\/v2\/posts\/61275\/revisions"}],"wp:attachment":[{"href":"https:\/\/masquenoticiastucuman.com.ar\/index.php?rest_route=%2Fwp%2Fv2%2Fmedia&parent=61275"}],"wp:term":[{"taxonomy":"category","embeddable":true,"href":"https:\/\/masquenoticiastucuman.com.ar\/index.php?rest_route=%2Fwp%2Fv2%2Fcategories&post=61275"},{"taxonomy":"post_tag","embeddable":true,"href":"https:\/\/masquenoticiastucuman.com.ar\/index.php?rest_route=%2Fwp%2Fv2%2Ftags&post=61275"}],"curies":[{"name":"wp","href":"https:\/\/api.w.org\/{rel}","templated":true}]}}