{"id":61280,"date":"2026-04-24T06:58:18","date_gmt":"2026-04-24T09:58:18","guid":{"rendered":"http:\/\/masquenoticiastucuman.com.ar\/?p=61280"},"modified":"2026-04-24T06:58:18","modified_gmt":"2026-04-24T09:58:18","slug":"el-destino-bonaerense-que-tiene-huellas-del-camino-de-santiago-un-recorrido-entre-la-laguna-y-la-historia","status":"publish","type":"post","link":"https:\/\/masquenoticiastucuman.com.ar\/?p=61280","title":{"rendered":"El destino bonaerense que tiene huellas del Camino de Santiago: un recorrido entre la laguna y la historia"},"content":{"rendered":"<ul>\n<li>A pasos de la laguna de Chascom\u00fas, un itinerario que homenajea parte del tradicional recorrido de los peregrinos del norte de Espa\u00f1a.<\/li>\n<li>El Paseo Lal\u00edn, el Cruceiro y el Moj\u00f3n son algunos de los puntos de inter\u00e9s.<\/li>\n<\/ul>\n<p>\u200bA pasos de la laguna de Chascom\u00fas, un itinerario que homenajea parte del tradicional recorrido de los peregrinos del norte de Espa\u00f1a.El Paseo Lal\u00edn, el Cruceiro y el Moj\u00f3n son algunos de los puntos de inter\u00e9s.\u00a0<a href=\"https:\/\/www.clarin.com\/viajes\/destino-bonaerense-huellas-camino-santiago-recorrido-laguna-historia_0_V35VbIeW4b.html\" target=\"_blank\" class=\"feedzy-rss-link-icon\">Read More<\/a><\/p>","protected":false},"excerpt":{"rendered":"<p>A pasos de la laguna de Chascom\u00fas, un itinerario que homenajea parte del tradicional recorrido&#8230;<\/p>\n","protected":false},"author":1,"featured_media":0,"comment_status":"open","ping_status":"open","sticky":false,"template":"","format":"standard","meta":{"footnotes":""},"categories":[7],"tags":[],"class_list":["post-61280","post","type-post","status-publish","format-standard","has-post-thumbnail","hentry","category-turismo"],"_links":{"self":[{"href":"https:\/\/masquenoticiastucuman.com.ar\/index.php?rest_route=\/wp\/v2\/posts\/61280","targetHints":{"allow":["GET"]}}],"collection":[{"href":"https:\/\/masquenoticiastucuman.com.ar\/index.php?rest_route=\/wp\/v2\/posts"}],"about":[{"href":"https:\/\/masquenoticiastucuman.com.ar\/index.php?rest_route=\/wp\/v2\/types\/post"}],"author":[{"embeddable":true,"href":"https:\/\/masquenoticiastucuman.com.ar\/index.php?rest_route=\/wp\/v2\/users\/1"}],"replies":[{"embeddable":true,"href":"https:\/\/masquenoticiastucuman.com.ar\/index.php?rest_route=%2Fwp%2Fv2%2Fcomments&post=61280"}],"version-history":[{"count":0,"href":"https:\/\/masquenoticiastucuman.com.ar\/index.php?rest_route=\/wp\/v2\/posts\/61280\/revisions"}],"wp:attachment":[{"href":"https:\/\/masquenoticiastucuman.com.ar\/index.php?rest_route=%2Fwp%2Fv2%2Fmedia&parent=61280"}],"wp:term":[{"taxonomy":"category","embeddable":true,"href":"https:\/\/masquenoticiastucuman.com.ar\/index.php?rest_route=%2Fwp%2Fv2%2Fcategories&post=61280"},{"taxonomy":"post_tag","embeddable":true,"href":"https:\/\/masquenoticiastucuman.com.ar\/index.php?rest_route=%2Fwp%2Fv2%2Ftags&post=61280"}],"curies":[{"name":"wp","href":"https:\/\/api.w.org\/{rel}","templated":true}]}}