{"id":61284,"date":"2026-04-24T19:29:24","date_gmt":"2026-04-24T22:29:24","guid":{"rendered":"http:\/\/masquenoticiastucuman.com.ar\/?p=61284"},"modified":"2026-04-24T19:29:24","modified_gmt":"2026-04-24T22:29:24","slug":"cayo-la-compra-de-dolares-en-marzo-pero-siguio-el-deficit-en-las-cuentas-externas","status":"publish","type":"post","link":"https:\/\/masquenoticiastucuman.com.ar\/?p=61284","title":{"rendered":"Cay\u00f3 la compra de d\u00f3lares en marzo pero sigui\u00f3 el d\u00e9ficit en las cuentas externas"},"content":{"rendered":"<p>Seg\u00fan un informe del Banco Central la compra neta de d\u00f3lares de los argentinos fue US$ 1.782 millones. En febrero hab\u00eda sido US$ 2.131 millones.<\/p>\n<p>\u200bSeg\u00fan un informe del Banco Central la compra neta de d\u00f3lares de los argentinos fue US$ 1.782 millones. En febrero hab\u00eda sido US$ 2.131 millones.\u00a0<a href=\"https:\/\/www.clarin.com\/economia\/cayo-compra-dolares-marzo-siguio-deficit-cuentas-externas_0_nAeDh3Mdst.html\" target=\"_blank\" class=\"feedzy-rss-link-icon\">Read More<\/a><\/p>","protected":false},"excerpt":{"rendered":"<p>Seg\u00fan un informe del Banco Central la compra neta de d\u00f3lares de los argentinos fue&#8230;<\/p>\n","protected":false},"author":1,"featured_media":0,"comment_status":"open","ping_status":"open","sticky":false,"template":"","format":"standard","meta":{"footnotes":""},"categories":[3],"tags":[],"class_list":["post-61284","post","type-post","status-publish","format-standard","has-post-thumbnail","hentry","category-nacionales"],"_links":{"self":[{"href":"https:\/\/masquenoticiastucuman.com.ar\/index.php?rest_route=\/wp\/v2\/posts\/61284","targetHints":{"allow":["GET"]}}],"collection":[{"href":"https:\/\/masquenoticiastucuman.com.ar\/index.php?rest_route=\/wp\/v2\/posts"}],"about":[{"href":"https:\/\/masquenoticiastucuman.com.ar\/index.php?rest_route=\/wp\/v2\/types\/post"}],"author":[{"embeddable":true,"href":"https:\/\/masquenoticiastucuman.com.ar\/index.php?rest_route=\/wp\/v2\/users\/1"}],"replies":[{"embeddable":true,"href":"https:\/\/masquenoticiastucuman.com.ar\/index.php?rest_route=%2Fwp%2Fv2%2Fcomments&post=61284"}],"version-history":[{"count":0,"href":"https:\/\/masquenoticiastucuman.com.ar\/index.php?rest_route=\/wp\/v2\/posts\/61284\/revisions"}],"wp:attachment":[{"href":"https:\/\/masquenoticiastucuman.com.ar\/index.php?rest_route=%2Fwp%2Fv2%2Fmedia&parent=61284"}],"wp:term":[{"taxonomy":"category","embeddable":true,"href":"https:\/\/masquenoticiastucuman.com.ar\/index.php?rest_route=%2Fwp%2Fv2%2Fcategories&post=61284"},{"taxonomy":"post_tag","embeddable":true,"href":"https:\/\/masquenoticiastucuman.com.ar\/index.php?rest_route=%2Fwp%2Fv2%2Ftags&post=61284"}],"curies":[{"name":"wp","href":"https:\/\/api.w.org\/{rel}","templated":true}]}}