{"id":61285,"date":"2026-04-24T18:56:04","date_gmt":"2026-04-24T21:56:04","guid":{"rendered":"http:\/\/masquenoticiastucuman.com.ar\/?p=61285"},"modified":"2026-04-24T18:56:04","modified_gmt":"2026-04-24T21:56:04","slug":"con-el-dolar-quieto-el-banco-central-lleva-comprados-us-6-765-millones-en-menos-de-cuatro-meses","status":"publish","type":"post","link":"https:\/\/masquenoticiastucuman.com.ar\/?p=61285","title":{"rendered":"Con el d\u00f3lar quieto, el Banco Central lleva comprados US$ 6.765 millones en menos de cuatro meses"},"content":{"rendered":"<ul>\n<li>Este viernes se llev\u00f3 US$ 80 millones.<\/li>\n<li>El tipo de cambio baj\u00f3 4% en lo que va del a\u00f1o.<\/li>\n<\/ul>\n<p>\u200bEste viernes se llev\u00f3 US$ 80 millones.El tipo de cambio baj\u00f3 4% en lo que va del a\u00f1o.\u00a0<a href=\"https:\/\/www.clarin.com\/economia\/dolar-quieto-banco-central-lleva-comprados-us-6765-millones-meses_0_IgQjZbWOgb.html\" target=\"_blank\" class=\"feedzy-rss-link-icon\">Read More<\/a><\/p>","protected":false},"excerpt":{"rendered":"<p>Este viernes se llev\u00f3 US$ 80 millones. El tipo de cambio baj\u00f3 4% en lo&#8230;<\/p>\n","protected":false},"author":1,"featured_media":0,"comment_status":"open","ping_status":"open","sticky":false,"template":"","format":"standard","meta":{"footnotes":""},"categories":[3],"tags":[],"class_list":["post-61285","post","type-post","status-publish","format-standard","has-post-thumbnail","hentry","category-nacionales"],"_links":{"self":[{"href":"https:\/\/masquenoticiastucuman.com.ar\/index.php?rest_route=\/wp\/v2\/posts\/61285","targetHints":{"allow":["GET"]}}],"collection":[{"href":"https:\/\/masquenoticiastucuman.com.ar\/index.php?rest_route=\/wp\/v2\/posts"}],"about":[{"href":"https:\/\/masquenoticiastucuman.com.ar\/index.php?rest_route=\/wp\/v2\/types\/post"}],"author":[{"embeddable":true,"href":"https:\/\/masquenoticiastucuman.com.ar\/index.php?rest_route=\/wp\/v2\/users\/1"}],"replies":[{"embeddable":true,"href":"https:\/\/masquenoticiastucuman.com.ar\/index.php?rest_route=%2Fwp%2Fv2%2Fcomments&post=61285"}],"version-history":[{"count":0,"href":"https:\/\/masquenoticiastucuman.com.ar\/index.php?rest_route=\/wp\/v2\/posts\/61285\/revisions"}],"wp:attachment":[{"href":"https:\/\/masquenoticiastucuman.com.ar\/index.php?rest_route=%2Fwp%2Fv2%2Fmedia&parent=61285"}],"wp:term":[{"taxonomy":"category","embeddable":true,"href":"https:\/\/masquenoticiastucuman.com.ar\/index.php?rest_route=%2Fwp%2Fv2%2Fcategories&post=61285"},{"taxonomy":"post_tag","embeddable":true,"href":"https:\/\/masquenoticiastucuman.com.ar\/index.php?rest_route=%2Fwp%2Fv2%2Ftags&post=61285"}],"curies":[{"name":"wp","href":"https:\/\/api.w.org\/{rel}","templated":true}]}}