{"id":61286,"date":"2026-04-24T19:53:53","date_gmt":"2026-04-24T22:53:53","guid":{"rendered":"http:\/\/masquenoticiastucuman.com.ar\/?p=61286"},"modified":"2026-04-24T19:53:53","modified_gmt":"2026-04-24T22:53:53","slug":"dolor-en-el-voley-argentino-murio-micaela-vogel-ex-integrante-de-la-seleccion","status":"publish","type":"post","link":"https:\/\/masquenoticiastucuman.com.ar\/?p=61286","title":{"rendered":"Dolor en el v\u00f3ley argentino: muri\u00f3 Micaela Vogel, ex integrante de la Selecci\u00f3n"},"content":{"rendered":"<ul>\n<li>La exjugadora de Las Panteras falleci\u00f3 a los 42 a\u00f1os tras atravesar una grave enfermedad.<\/li>\n<li>La FeVA confirm\u00f3 la noticia y expres\u00f3 sus condolencias a familiares y amigos.<\/li>\n<li>Tambi\u00e9n tuvo una destacada carrera en clubes argentinos y en la liga italiana.<\/li>\n<\/ul>\n<p>\u200bLa exjugadora de Las Panteras falleci\u00f3 a los 42 a\u00f1os tras atravesar una grave enfermedad.La FeVA confirm\u00f3 la noticia y expres\u00f3 sus condolencias a familiares y amigos.Tambi\u00e9n tuvo una destacada carrera en clubes argentinos y en la liga italiana.\u00a0<a href=\"https:\/\/www.clarin.com\/deportes\/murio-micaela-vogel-ex-integrante-seleccion-argentina_0_dPfg2X6DaQ.html\" target=\"_blank\" class=\"feedzy-rss-link-icon\">Read More<\/a><\/p>","protected":false},"excerpt":{"rendered":"<p>La exjugadora de Las Panteras falleci\u00f3 a los 42 a\u00f1os tras atravesar una grave enfermedad&#8230;.<\/p>\n","protected":false},"author":1,"featured_media":0,"comment_status":"open","ping_status":"open","sticky":false,"template":"","format":"standard","meta":{"footnotes":""},"categories":[6],"tags":[],"class_list":["post-61286","post","type-post","status-publish","format-standard","has-post-thumbnail","hentry","category-deportes"],"_links":{"self":[{"href":"https:\/\/masquenoticiastucuman.com.ar\/index.php?rest_route=\/wp\/v2\/posts\/61286","targetHints":{"allow":["GET"]}}],"collection":[{"href":"https:\/\/masquenoticiastucuman.com.ar\/index.php?rest_route=\/wp\/v2\/posts"}],"about":[{"href":"https:\/\/masquenoticiastucuman.com.ar\/index.php?rest_route=\/wp\/v2\/types\/post"}],"author":[{"embeddable":true,"href":"https:\/\/masquenoticiastucuman.com.ar\/index.php?rest_route=\/wp\/v2\/users\/1"}],"replies":[{"embeddable":true,"href":"https:\/\/masquenoticiastucuman.com.ar\/index.php?rest_route=%2Fwp%2Fv2%2Fcomments&post=61286"}],"version-history":[{"count":0,"href":"https:\/\/masquenoticiastucuman.com.ar\/index.php?rest_route=\/wp\/v2\/posts\/61286\/revisions"}],"wp:attachment":[{"href":"https:\/\/masquenoticiastucuman.com.ar\/index.php?rest_route=%2Fwp%2Fv2%2Fmedia&parent=61286"}],"wp:term":[{"taxonomy":"category","embeddable":true,"href":"https:\/\/masquenoticiastucuman.com.ar\/index.php?rest_route=%2Fwp%2Fv2%2Fcategories&post=61286"},{"taxonomy":"post_tag","embeddable":true,"href":"https:\/\/masquenoticiastucuman.com.ar\/index.php?rest_route=%2Fwp%2Fv2%2Ftags&post=61286"}],"curies":[{"name":"wp","href":"https:\/\/api.w.org\/{rel}","templated":true}]}}