{"id":61287,"date":"2026-04-24T21:08:23","date_gmt":"2026-04-25T00:08:23","guid":{"rendered":"http:\/\/masquenoticiastucuman.com.ar\/?p=61287"},"modified":"2026-04-24T21:08:23","modified_gmt":"2026-04-25T00:08:23","slug":"estados-unidos-e-iran-intentan-retomar-el-dialogo-con-otro-encuentro-en-pakistan","status":"publish","type":"post","link":"https:\/\/masquenoticiastucuman.com.ar\/?p=61287","title":{"rendered":"Estados Unidos e Ir\u00e1n intentan retomar el di\u00e1logo con otro encuentro en Pakist\u00e1n"},"content":{"rendered":"<p>El canciller iran\u00ed lleg\u00f3 este viernes a Islamabad y este s\u00e1bado viajan los enviados de Trump. La decisi\u00f3n alimenta las chances de una nueva negociaci\u00f3n por un acuerdo de paz. La anterior cita fracas\u00f3 el 11 de abril.<\/p>\n<p>\u200bEl canciller iran\u00ed lleg\u00f3 este viernes a Islamabad y este s\u00e1bado viajan los enviados de Trump. La decisi\u00f3n alimenta las chances de una nueva negociaci\u00f3n por un acuerdo de paz. La anterior cita fracas\u00f3 el 11 de abril.\u00a0<a href=\"https:\/\/www.clarin.com\/mundo\/estados-unidos-iran-intentan-retomar-dialogo-encuentro-pakistan_0_VOYFF2NqvZ.html\" target=\"_blank\" class=\"feedzy-rss-link-icon\">Read More<\/a><\/p>","protected":false},"excerpt":{"rendered":"<p>El canciller iran\u00ed lleg\u00f3 este viernes a Islamabad y este s\u00e1bado viajan los enviados de&#8230;<\/p>\n","protected":false},"author":1,"featured_media":61288,"comment_status":"open","ping_status":"open","sticky":false,"template":"","format":"standard","meta":{"footnotes":""},"categories":[4],"tags":[],"class_list":["post-61287","post","type-post","status-publish","format-standard","has-post-thumbnail","hentry","category-internacionales"],"_links":{"self":[{"href":"https:\/\/masquenoticiastucuman.com.ar\/index.php?rest_route=\/wp\/v2\/posts\/61287","targetHints":{"allow":["GET"]}}],"collection":[{"href":"https:\/\/masquenoticiastucuman.com.ar\/index.php?rest_route=\/wp\/v2\/posts"}],"about":[{"href":"https:\/\/masquenoticiastucuman.com.ar\/index.php?rest_route=\/wp\/v2\/types\/post"}],"author":[{"embeddable":true,"href":"https:\/\/masquenoticiastucuman.com.ar\/index.php?rest_route=\/wp\/v2\/users\/1"}],"replies":[{"embeddable":true,"href":"https:\/\/masquenoticiastucuman.com.ar\/index.php?rest_route=%2Fwp%2Fv2%2Fcomments&post=61287"}],"version-history":[{"count":0,"href":"https:\/\/masquenoticiastucuman.com.ar\/index.php?rest_route=\/wp\/v2\/posts\/61287\/revisions"}],"wp:featuredmedia":[{"embeddable":true,"href":"https:\/\/masquenoticiastucuman.com.ar\/index.php?rest_route=\/wp\/v2\/media\/61288"}],"wp:attachment":[{"href":"https:\/\/masquenoticiastucuman.com.ar\/index.php?rest_route=%2Fwp%2Fv2%2Fmedia&parent=61287"}],"wp:term":[{"taxonomy":"category","embeddable":true,"href":"https:\/\/masquenoticiastucuman.com.ar\/index.php?rest_route=%2Fwp%2Fv2%2Fcategories&post=61287"},{"taxonomy":"post_tag","embeddable":true,"href":"https:\/\/masquenoticiastucuman.com.ar\/index.php?rest_route=%2Fwp%2Fv2%2Ftags&post=61287"}],"curies":[{"name":"wp","href":"https:\/\/api.w.org\/{rel}","templated":true}]}}