{"id":61289,"date":"2026-04-24T23:39:00","date_gmt":"2026-04-25T02:39:00","guid":{"rendered":"http:\/\/masquenoticiastucuman.com.ar\/?p=61289"},"modified":"2026-04-24T23:39:00","modified_gmt":"2026-04-25T02:39:00","slug":"asi-quedaron-las-tablas-del-torneo-apertura-2026-independiente-y-racing-comprometieron-su-clasificacion-a-playoffs","status":"publish","type":"post","link":"https:\/\/masquenoticiastucuman.com.ar\/?p=61289","title":{"rendered":"As\u00ed quedaron las tablas del Torneo Apertura 2026: Independiente y Racing comprometieron su clasificaci\u00f3n a playoffs"},"content":{"rendered":"<ul>\n<li>El Rojo perdi\u00f3 con Deportivo Riestra y se juega todo en la \u00faltima fecha ante San Lorenzo.<\/li>\n<li>La Academia igual\u00f3 con Barracas Central y est\u00e1 octavo en la Zona B.<\/li>\n<li>El Cicl\u00f3n gan\u00f3 en Vicente L\u00f3pez y se acomod\u00f3 en el Top 8.<\/li>\n<\/ul>\n<p>\u200bEl Rojo perdi\u00f3 con Deportivo Riestra y se juega todo en la \u00faltima fecha ante San Lorenzo.La Academia igual\u00f3 con Barracas Central y est\u00e1 octavo en la Zona B.El Cicl\u00f3n gan\u00f3 en Vicente L\u00f3pez y se acomod\u00f3 en el Top 8.\u00a0<a href=\"https:\/\/www.clarin.com\/deportes\/quedaron-tablas-torneo-apertura-2026-independiente-racing-comprometieron-clasificacion-playoffs_0_BRMCFvQvAt.html\" target=\"_blank\" class=\"feedzy-rss-link-icon\">Read More<\/a><\/p>","protected":false},"excerpt":{"rendered":"<p>El Rojo perdi\u00f3 con Deportivo Riestra y se juega todo en la \u00faltima fecha ante&#8230;<\/p>\n","protected":false},"author":1,"featured_media":0,"comment_status":"open","ping_status":"open","sticky":false,"template":"","format":"standard","meta":{"footnotes":""},"categories":[6],"tags":[],"class_list":["post-61289","post","type-post","status-publish","format-standard","has-post-thumbnail","hentry","category-deportes"],"_links":{"self":[{"href":"https:\/\/masquenoticiastucuman.com.ar\/index.php?rest_route=\/wp\/v2\/posts\/61289","targetHints":{"allow":["GET"]}}],"collection":[{"href":"https:\/\/masquenoticiastucuman.com.ar\/index.php?rest_route=\/wp\/v2\/posts"}],"about":[{"href":"https:\/\/masquenoticiastucuman.com.ar\/index.php?rest_route=\/wp\/v2\/types\/post"}],"author":[{"embeddable":true,"href":"https:\/\/masquenoticiastucuman.com.ar\/index.php?rest_route=\/wp\/v2\/users\/1"}],"replies":[{"embeddable":true,"href":"https:\/\/masquenoticiastucuman.com.ar\/index.php?rest_route=%2Fwp%2Fv2%2Fcomments&post=61289"}],"version-history":[{"count":0,"href":"https:\/\/masquenoticiastucuman.com.ar\/index.php?rest_route=\/wp\/v2\/posts\/61289\/revisions"}],"wp:attachment":[{"href":"https:\/\/masquenoticiastucuman.com.ar\/index.php?rest_route=%2Fwp%2Fv2%2Fmedia&parent=61289"}],"wp:term":[{"taxonomy":"category","embeddable":true,"href":"https:\/\/masquenoticiastucuman.com.ar\/index.php?rest_route=%2Fwp%2Fv2%2Fcategories&post=61289"},{"taxonomy":"post_tag","embeddable":true,"href":"https:\/\/masquenoticiastucuman.com.ar\/index.php?rest_route=%2Fwp%2Fv2%2Ftags&post=61289"}],"curies":[{"name":"wp","href":"https:\/\/api.w.org\/{rel}","templated":true}]}}