{"id":61296,"date":"2026-04-25T06:00:51","date_gmt":"2026-04-25T09:00:51","guid":{"rendered":"http:\/\/masquenoticiastucuman.com.ar\/?p=61296"},"modified":"2026-04-25T06:00:51","modified_gmt":"2026-04-25T09:00:51","slug":"a-contramano-de-la-nacion-las-provincias-pasaron-a-tener-deficit-y-la-caida-de-ingresos-complica-a-los-gobernadores","status":"publish","type":"post","link":"https:\/\/masquenoticiastucuman.com.ar\/?p=61296","title":{"rendered":"A contramano de la Naci\u00f3n: las provincias pasaron a tener d\u00e9ficit y la ca\u00edda de ingresos complica a los gobernadores"},"content":{"rendered":"<ul>\n<li>Al cierre del 2025 solo siete provincias consiguieron super\u00e1vit financiero.<\/li>\n<li>Durante el a\u00f1o electoral, el gasto creci\u00f3 mucho m\u00e1s r\u00e1pido que la recaudaci\u00f3n y deterior\u00f3 las arcas.<\/li>\n<li>Entre todas, acumularon un d\u00e9ficit total equivalente a 2,9% de sus ingresos. Un a\u00f1o antes ten\u00edan super\u00e1vit.<\/li>\n<\/ul>\n<p>\u200bAl cierre del 2025 solo siete provincias consiguieron super\u00e1vit financiero.Durante el a\u00f1o electoral, el gasto creci\u00f3 mucho m\u00e1s r\u00e1pido que la recaudaci\u00f3n y deterior\u00f3 las arcas.Entre todas, acumularon un d\u00e9ficit total equivalente a 2,9% de sus ingresos. Un a\u00f1o antes ten\u00edan super\u00e1vit.\u00a0<a href=\"https:\/\/www.clarin.com\/economia\/contramano-nacion-provincias-pasaron-tener-deficit-caida-ingresos-complica-gobernadores_0_uBTApAOOLn.html\" target=\"_blank\" class=\"feedzy-rss-link-icon\">Read More<\/a><\/p>","protected":false},"excerpt":{"rendered":"<p>Al cierre del 2025 solo siete provincias consiguieron super\u00e1vit financiero. Durante el a\u00f1o electoral, el&#8230;<\/p>\n","protected":false},"author":1,"featured_media":0,"comment_status":"open","ping_status":"open","sticky":false,"template":"","format":"standard","meta":{"footnotes":""},"categories":[3],"tags":[],"class_list":["post-61296","post","type-post","status-publish","format-standard","has-post-thumbnail","hentry","category-nacionales"],"_links":{"self":[{"href":"https:\/\/masquenoticiastucuman.com.ar\/index.php?rest_route=\/wp\/v2\/posts\/61296","targetHints":{"allow":["GET"]}}],"collection":[{"href":"https:\/\/masquenoticiastucuman.com.ar\/index.php?rest_route=\/wp\/v2\/posts"}],"about":[{"href":"https:\/\/masquenoticiastucuman.com.ar\/index.php?rest_route=\/wp\/v2\/types\/post"}],"author":[{"embeddable":true,"href":"https:\/\/masquenoticiastucuman.com.ar\/index.php?rest_route=\/wp\/v2\/users\/1"}],"replies":[{"embeddable":true,"href":"https:\/\/masquenoticiastucuman.com.ar\/index.php?rest_route=%2Fwp%2Fv2%2Fcomments&post=61296"}],"version-history":[{"count":0,"href":"https:\/\/masquenoticiastucuman.com.ar\/index.php?rest_route=\/wp\/v2\/posts\/61296\/revisions"}],"wp:attachment":[{"href":"https:\/\/masquenoticiastucuman.com.ar\/index.php?rest_route=%2Fwp%2Fv2%2Fmedia&parent=61296"}],"wp:term":[{"taxonomy":"category","embeddable":true,"href":"https:\/\/masquenoticiastucuman.com.ar\/index.php?rest_route=%2Fwp%2Fv2%2Fcategories&post=61296"},{"taxonomy":"post_tag","embeddable":true,"href":"https:\/\/masquenoticiastucuman.com.ar\/index.php?rest_route=%2Fwp%2Fv2%2Ftags&post=61296"}],"curies":[{"name":"wp","href":"https:\/\/api.w.org\/{rel}","templated":true}]}}