{"id":61297,"date":"2026-04-25T06:00:51","date_gmt":"2026-04-25T09:00:51","guid":{"rendered":"http:\/\/masquenoticiastucuman.com.ar\/?p=61297"},"modified":"2026-04-25T06:00:51","modified_gmt":"2026-04-25T09:00:51","slug":"eduardo-elsztain-se-mete-en-la-pelea-por-el-acceso-a-infraestructura-de-la-mayor-inversion-en-mineria","status":"publish","type":"post","link":"https:\/\/masquenoticiastucuman.com.ar\/?p=61297","title":{"rendered":"Eduardo Elsztain se mete en la pelea por el acceso a infraestructura de la mayor inversi\u00f3n en miner\u00eda"},"content":{"rendered":"<ul>\n<li>El Gobierno convoc\u00f3 a una audiencia p\u00fablica para el 3 de junio, antes de habilitar la prioridad de uso en las redes el\u00e9ctricas para Vicu\u00f1a.<\/li>\n<li>Mientras La Rioja bloquea la mayor promesa de inversi\u00f3n extranjera, las mineras de San Juan pelean por el acceso a infraestructura.<\/li>\n<\/ul>\n<p>\u200bEl Gobierno convoc\u00f3 a una audiencia p\u00fablica para el 3 de junio, antes de habilitar la prioridad de uso en las redes el\u00e9ctricas para Vicu\u00f1a.Mientras La Rioja bloquea la mayor promesa de inversi\u00f3n extranjera, las mineras de San Juan pelean por el acceso a infraestructura.\u00a0<a href=\"https:\/\/www.clarin.com\/economia\/eduardo-elsztain-mete-pelea-acceso-infraestructura-mayor-inversion-mineria_0_3Zm2sEW0O2.html\" target=\"_blank\" class=\"feedzy-rss-link-icon\">Read More<\/a><\/p>","protected":false},"excerpt":{"rendered":"<p>El Gobierno convoc\u00f3 a una audiencia p\u00fablica para el 3 de junio, antes de habilitar&#8230;<\/p>\n","protected":false},"author":1,"featured_media":0,"comment_status":"open","ping_status":"open","sticky":false,"template":"","format":"standard","meta":{"footnotes":""},"categories":[3],"tags":[],"class_list":["post-61297","post","type-post","status-publish","format-standard","has-post-thumbnail","hentry","category-nacionales"],"_links":{"self":[{"href":"https:\/\/masquenoticiastucuman.com.ar\/index.php?rest_route=\/wp\/v2\/posts\/61297","targetHints":{"allow":["GET"]}}],"collection":[{"href":"https:\/\/masquenoticiastucuman.com.ar\/index.php?rest_route=\/wp\/v2\/posts"}],"about":[{"href":"https:\/\/masquenoticiastucuman.com.ar\/index.php?rest_route=\/wp\/v2\/types\/post"}],"author":[{"embeddable":true,"href":"https:\/\/masquenoticiastucuman.com.ar\/index.php?rest_route=\/wp\/v2\/users\/1"}],"replies":[{"embeddable":true,"href":"https:\/\/masquenoticiastucuman.com.ar\/index.php?rest_route=%2Fwp%2Fv2%2Fcomments&post=61297"}],"version-history":[{"count":0,"href":"https:\/\/masquenoticiastucuman.com.ar\/index.php?rest_route=\/wp\/v2\/posts\/61297\/revisions"}],"wp:attachment":[{"href":"https:\/\/masquenoticiastucuman.com.ar\/index.php?rest_route=%2Fwp%2Fv2%2Fmedia&parent=61297"}],"wp:term":[{"taxonomy":"category","embeddable":true,"href":"https:\/\/masquenoticiastucuman.com.ar\/index.php?rest_route=%2Fwp%2Fv2%2Fcategories&post=61297"},{"taxonomy":"post_tag","embeddable":true,"href":"https:\/\/masquenoticiastucuman.com.ar\/index.php?rest_route=%2Fwp%2Fv2%2Ftags&post=61297"}],"curies":[{"name":"wp","href":"https:\/\/api.w.org\/{rel}","templated":true}]}}