{"id":61298,"date":"2026-04-25T06:00:48","date_gmt":"2026-04-25T09:00:48","guid":{"rendered":"http:\/\/masquenoticiastucuman.com.ar\/?p=61298"},"modified":"2026-04-25T06:00:48","modified_gmt":"2026-04-25T09:00:48","slug":"martin-garrix-antes-de-su-show-en-buenos-aires-del-nino-que-vio-a-tiesto-por-tv-al-dj-que-domina-el-mundo","status":"publish","type":"post","link":"https:\/\/masquenoticiastucuman.com.ar\/?p=61298","title":{"rendered":"Martin Garrix, antes de su show en Buenos Aires: del ni\u00f1o que vio a Ti\u00ebsto por TV al DJ que domina el mundo"},"content":{"rendered":"<ul>\n<li>A d\u00edas de su presentaci\u00f3n en el Movistar Arena, repas\u00f3 su historia, los sacrificios de la fama y la nueva m\u00fasica que prepara para una noche que promete sorpresas.<\/li>\n<li>Ahora se anim\u00f3 a cantar y exponer una faceta m\u00e1s \u00edntima.<\/li>\n<\/ul>\n<p>\u200bA d\u00edas de su presentaci\u00f3n en el Movistar Arena, repas\u00f3 su historia, los sacrificios de la fama y la nueva m\u00fasica que prepara para una noche que promete sorpresas.Ahora se anim\u00f3 a cantar y exponer una faceta m\u00e1s \u00edntima.\u00a0<a href=\"https:\/\/www.clarin.com\/espectaculos\/martin-garrix-show-buenos-aires-nino-vio-tiesto-tv-dj-domina-mundo_0_IuqmEuwJD1.html\" target=\"_blank\" class=\"feedzy-rss-link-icon\">Read More<\/a><\/p>","protected":false},"excerpt":{"rendered":"<p>A d\u00edas de su presentaci\u00f3n en el Movistar Arena, repas\u00f3 su historia, los sacrificios de&#8230;<\/p>\n","protected":false},"author":1,"featured_media":0,"comment_status":"open","ping_status":"open","sticky":false,"template":"","format":"standard","meta":{"footnotes":""},"categories":[5],"tags":[],"class_list":["post-61298","post","type-post","status-publish","format-standard","has-post-thumbnail","hentry","category-espectaculo"],"_links":{"self":[{"href":"https:\/\/masquenoticiastucuman.com.ar\/index.php?rest_route=\/wp\/v2\/posts\/61298","targetHints":{"allow":["GET"]}}],"collection":[{"href":"https:\/\/masquenoticiastucuman.com.ar\/index.php?rest_route=\/wp\/v2\/posts"}],"about":[{"href":"https:\/\/masquenoticiastucuman.com.ar\/index.php?rest_route=\/wp\/v2\/types\/post"}],"author":[{"embeddable":true,"href":"https:\/\/masquenoticiastucuman.com.ar\/index.php?rest_route=\/wp\/v2\/users\/1"}],"replies":[{"embeddable":true,"href":"https:\/\/masquenoticiastucuman.com.ar\/index.php?rest_route=%2Fwp%2Fv2%2Fcomments&post=61298"}],"version-history":[{"count":0,"href":"https:\/\/masquenoticiastucuman.com.ar\/index.php?rest_route=\/wp\/v2\/posts\/61298\/revisions"}],"wp:attachment":[{"href":"https:\/\/masquenoticiastucuman.com.ar\/index.php?rest_route=%2Fwp%2Fv2%2Fmedia&parent=61298"}],"wp:term":[{"taxonomy":"category","embeddable":true,"href":"https:\/\/masquenoticiastucuman.com.ar\/index.php?rest_route=%2Fwp%2Fv2%2Fcategories&post=61298"},{"taxonomy":"post_tag","embeddable":true,"href":"https:\/\/masquenoticiastucuman.com.ar\/index.php?rest_route=%2Fwp%2Fv2%2Ftags&post=61298"}],"curies":[{"name":"wp","href":"https:\/\/api.w.org\/{rel}","templated":true}]}}