{"id":61300,"date":"2026-04-25T06:00:53","date_gmt":"2026-04-25T09:00:53","guid":{"rendered":"http:\/\/masquenoticiastucuman.com.ar\/?p=61300"},"modified":"2026-04-25T06:00:53","modified_gmt":"2026-04-25T09:00:53","slug":"el-efecto-franco-colapinto-segun-los-pilotos-argentinos-como-su-fenomeno-volvio-a-impulsar-al-automovilismo-en-el-pais","status":"publish","type":"post","link":"https:\/\/masquenoticiastucuman.com.ar\/?p=61300","title":{"rendered":"El efecto Franco Colapinto, seg\u00fan los pilotos argentinos: c\u00f3mo su fen\u00f3meno volvi\u00f3 a impulsar al automovilismo en el pa\u00eds"},"content":{"rendered":"<ul>\n<li>Miles de personas lo ver\u00e1n girar en Palermo en un show hist\u00f3rico.<\/li>\n<li>Su llegada a la F\u00f3rmula 1 atrajo marcas y renov\u00f3 el inter\u00e9s de los chicos.<\/li>\n<li>Referentes del deporte destacan que abri\u00f3 una oportunidad \u00fanica para el pa\u00eds.<\/li>\n<\/ul>\n<p>\u200bMiles de personas lo ver\u00e1n girar en Palermo en un show hist\u00f3rico.Su llegada a la F\u00f3rmula 1 atrajo marcas y renov\u00f3 el inter\u00e9s de los chicos.Referentes del deporte destacan que abri\u00f3 una oportunidad \u00fanica para el pa\u00eds.\u00a0<a href=\"https:\/\/www.clarin.com\/deportes\/efecto-franco-colapinto-pilotos-argentinos-fenomeno-volvio-impulsar-automovilismo-pais_0_tosOQwuYAY.html\" target=\"_blank\" class=\"feedzy-rss-link-icon\">Read More<\/a><\/p>","protected":false},"excerpt":{"rendered":"<p>Miles de personas lo ver\u00e1n girar en Palermo en un show hist\u00f3rico. Su llegada a&#8230;<\/p>\n","protected":false},"author":1,"featured_media":0,"comment_status":"open","ping_status":"open","sticky":false,"template":"","format":"standard","meta":{"footnotes":""},"categories":[6],"tags":[],"class_list":["post-61300","post","type-post","status-publish","format-standard","has-post-thumbnail","hentry","category-deportes"],"_links":{"self":[{"href":"https:\/\/masquenoticiastucuman.com.ar\/index.php?rest_route=\/wp\/v2\/posts\/61300","targetHints":{"allow":["GET"]}}],"collection":[{"href":"https:\/\/masquenoticiastucuman.com.ar\/index.php?rest_route=\/wp\/v2\/posts"}],"about":[{"href":"https:\/\/masquenoticiastucuman.com.ar\/index.php?rest_route=\/wp\/v2\/types\/post"}],"author":[{"embeddable":true,"href":"https:\/\/masquenoticiastucuman.com.ar\/index.php?rest_route=\/wp\/v2\/users\/1"}],"replies":[{"embeddable":true,"href":"https:\/\/masquenoticiastucuman.com.ar\/index.php?rest_route=%2Fwp%2Fv2%2Fcomments&post=61300"}],"version-history":[{"count":0,"href":"https:\/\/masquenoticiastucuman.com.ar\/index.php?rest_route=\/wp\/v2\/posts\/61300\/revisions"}],"wp:attachment":[{"href":"https:\/\/masquenoticiastucuman.com.ar\/index.php?rest_route=%2Fwp%2Fv2%2Fmedia&parent=61300"}],"wp:term":[{"taxonomy":"category","embeddable":true,"href":"https:\/\/masquenoticiastucuman.com.ar\/index.php?rest_route=%2Fwp%2Fv2%2Fcategories&post=61300"},{"taxonomy":"post_tag","embeddable":true,"href":"https:\/\/masquenoticiastucuman.com.ar\/index.php?rest_route=%2Fwp%2Fv2%2Ftags&post=61300"}],"curies":[{"name":"wp","href":"https:\/\/api.w.org\/{rel}","templated":true}]}}