{"id":61303,"date":"2026-04-25T08:01:59","date_gmt":"2026-04-25T11:01:59","guid":{"rendered":"http:\/\/masquenoticiastucuman.com.ar\/?p=61303"},"modified":"2026-04-25T08:01:59","modified_gmt":"2026-04-25T11:01:59","slug":"guerra-entre-estados-unidos-israel-e-iran-en-vivo-enviados-de-trump-viajan-hoy-a-pakistan-para-otra-ronda-de-negociaciones-con-el-regimen-persa-sobre-un-acuerdo-de-paz","status":"publish","type":"post","link":"https:\/\/masquenoticiastucuman.com.ar\/?p=61303","title":{"rendered":"Guerra entre Estados Unidos, Israel e Ir\u00e1n, EN VIVO: enviados de Trump viajan hoy a Pakist\u00e1n para otra ronda de negociaciones con el r\u00e9gimen persa sobre un acuerdo de paz"},"content":{"rendered":"<ul>\n<li>Sin embargo, por el momento no hay garant\u00edas de que las conversaciones vayan a ser directas entre los representantes norteamericanos e iran\u00edes.<\/li>\n<li>Segu\u00ed todas las novedades sobre la guerra entre Estados Unidos, Israel e Ir\u00e1n en la cobertura minuto a minuto de Clar\u00edn.<\/li>\n<\/ul>\n<p>\u200bSin embargo, por el momento no hay garant\u00edas de que las conversaciones vayan a ser directas entre los representantes norteamericanos e iran\u00edes.Segu\u00ed todas las novedades sobre la guerra entre Estados Unidos, Israel e Ir\u00e1n en la cobertura minuto a minuto de Clar\u00edn.\u00a0<a href=\"https:\/\/www.clarin.com\/mundo\/guerra-estados-unidos-israel-iran-vivo-enviados-trump-viajan-hoy-pakistan-ronda-negociaciones-regimen-persa-acuerdo-paz_0_0ZrsW4oqw5.html\" target=\"_blank\" class=\"feedzy-rss-link-icon\">Read More<\/a><\/p>","protected":false},"excerpt":{"rendered":"<p>Sin embargo, por el momento no hay garant\u00edas de que las conversaciones vayan a ser&#8230;<\/p>\n","protected":false},"author":1,"featured_media":61304,"comment_status":"open","ping_status":"open","sticky":false,"template":"","format":"standard","meta":{"footnotes":""},"categories":[4],"tags":[],"class_list":["post-61303","post","type-post","status-publish","format-standard","has-post-thumbnail","hentry","category-internacionales"],"_links":{"self":[{"href":"https:\/\/masquenoticiastucuman.com.ar\/index.php?rest_route=\/wp\/v2\/posts\/61303","targetHints":{"allow":["GET"]}}],"collection":[{"href":"https:\/\/masquenoticiastucuman.com.ar\/index.php?rest_route=\/wp\/v2\/posts"}],"about":[{"href":"https:\/\/masquenoticiastucuman.com.ar\/index.php?rest_route=\/wp\/v2\/types\/post"}],"author":[{"embeddable":true,"href":"https:\/\/masquenoticiastucuman.com.ar\/index.php?rest_route=\/wp\/v2\/users\/1"}],"replies":[{"embeddable":true,"href":"https:\/\/masquenoticiastucuman.com.ar\/index.php?rest_route=%2Fwp%2Fv2%2Fcomments&post=61303"}],"version-history":[{"count":0,"href":"https:\/\/masquenoticiastucuman.com.ar\/index.php?rest_route=\/wp\/v2\/posts\/61303\/revisions"}],"wp:featuredmedia":[{"embeddable":true,"href":"https:\/\/masquenoticiastucuman.com.ar\/index.php?rest_route=\/wp\/v2\/media\/61304"}],"wp:attachment":[{"href":"https:\/\/masquenoticiastucuman.com.ar\/index.php?rest_route=%2Fwp%2Fv2%2Fmedia&parent=61303"}],"wp:term":[{"taxonomy":"category","embeddable":true,"href":"https:\/\/masquenoticiastucuman.com.ar\/index.php?rest_route=%2Fwp%2Fv2%2Fcategories&post=61303"},{"taxonomy":"post_tag","embeddable":true,"href":"https:\/\/masquenoticiastucuman.com.ar\/index.php?rest_route=%2Fwp%2Fv2%2Ftags&post=61303"}],"curies":[{"name":"wp","href":"https:\/\/api.w.org\/{rel}","templated":true}]}}