{"id":61306,"date":"2026-04-25T10:40:09","date_gmt":"2026-04-25T13:40:09","guid":{"rendered":"http:\/\/masquenoticiastucuman.com.ar\/?p=61306"},"modified":"2026-04-25T10:40:09","modified_gmt":"2026-04-25T13:40:09","slug":"polemico-banquete-el-nuevo-presidente-de-chile-invito-a-comer-a-50-amigos-de-la-facultad-al-palacio-de-la-moneda-se-armo-un-escandalo-y-ahora-reconocio-que-fue-un-error","status":"publish","type":"post","link":"https:\/\/masquenoticiastucuman.com.ar\/?p=61306","title":{"rendered":"Pol\u00e9mico banquete: el nuevo presidente de Chile invit\u00f3 a comer a 50 amigos de la facultad al Palacio de la Moneda, se arm\u00f3 un esc\u00e1ndalo y ahora reconoci\u00f3 que &#8220;fue un error&#8221;"},"content":{"rendered":"<ul>\n<li>D\u00edas atr\u00e1s, Jos\u00e9 Antonio Kast reuni\u00f3 a sus excompa\u00f1eros de la Facultad de Derecho de la Universidad Cat\u00f3lica para un almuerzo privado en la sede del gobierno trasandino.<\/li>\n<li>Algunos de los comensales subieron las fotos a las redes sociales. \u00bfCu\u00e1l fue la reacci\u00f3n de la oposici\u00f3n?<\/li>\n<\/ul>\n<p>\u200bD\u00edas atr\u00e1s, Jos\u00e9 Antonio Kast reuni\u00f3 a sus excompa\u00f1eros de la Facultad de Derecho de la Universidad Cat\u00f3lica para un almuerzo privado en la sede del gobierno trasandino.Algunos de los comensales subieron las fotos a las redes sociales. \u00bfCu\u00e1l fue la reacci\u00f3n de la oposici\u00f3n?\u00a0<a href=\"https:\/\/www.clarin.com\/mundo\/polemico-banquete-nuevo-presidente-chile-invito-comer-50-amigos-facultad-palacio-moneda-armo-escandalo-ahora-reconocio-error_0_QHhyUL1gYd.html\" target=\"_blank\" class=\"feedzy-rss-link-icon\">Read More<\/a><\/p>","protected":false},"excerpt":{"rendered":"<p>D\u00edas atr\u00e1s, Jos\u00e9 Antonio Kast reuni\u00f3 a sus excompa\u00f1eros de la Facultad de Derecho de&#8230;<\/p>\n","protected":false},"author":1,"featured_media":61307,"comment_status":"open","ping_status":"open","sticky":false,"template":"","format":"standard","meta":{"footnotes":""},"categories":[4],"tags":[],"class_list":["post-61306","post","type-post","status-publish","format-standard","has-post-thumbnail","hentry","category-internacionales"],"_links":{"self":[{"href":"https:\/\/masquenoticiastucuman.com.ar\/index.php?rest_route=\/wp\/v2\/posts\/61306","targetHints":{"allow":["GET"]}}],"collection":[{"href":"https:\/\/masquenoticiastucuman.com.ar\/index.php?rest_route=\/wp\/v2\/posts"}],"about":[{"href":"https:\/\/masquenoticiastucuman.com.ar\/index.php?rest_route=\/wp\/v2\/types\/post"}],"author":[{"embeddable":true,"href":"https:\/\/masquenoticiastucuman.com.ar\/index.php?rest_route=\/wp\/v2\/users\/1"}],"replies":[{"embeddable":true,"href":"https:\/\/masquenoticiastucuman.com.ar\/index.php?rest_route=%2Fwp%2Fv2%2Fcomments&post=61306"}],"version-history":[{"count":0,"href":"https:\/\/masquenoticiastucuman.com.ar\/index.php?rest_route=\/wp\/v2\/posts\/61306\/revisions"}],"wp:featuredmedia":[{"embeddable":true,"href":"https:\/\/masquenoticiastucuman.com.ar\/index.php?rest_route=\/wp\/v2\/media\/61307"}],"wp:attachment":[{"href":"https:\/\/masquenoticiastucuman.com.ar\/index.php?rest_route=%2Fwp%2Fv2%2Fmedia&parent=61306"}],"wp:term":[{"taxonomy":"category","embeddable":true,"href":"https:\/\/masquenoticiastucuman.com.ar\/index.php?rest_route=%2Fwp%2Fv2%2Fcategories&post=61306"},{"taxonomy":"post_tag","embeddable":true,"href":"https:\/\/masquenoticiastucuman.com.ar\/index.php?rest_route=%2Fwp%2Fv2%2Ftags&post=61306"}],"curies":[{"name":"wp","href":"https:\/\/api.w.org\/{rel}","templated":true}]}}