{"id":61308,"date":"2026-04-25T10:10:10","date_gmt":"2026-04-25T13:10:10","guid":{"rendered":"http:\/\/masquenoticiastucuman.com.ar\/?p=61308"},"modified":"2026-04-25T10:10:10","modified_gmt":"2026-04-25T13:10:10","slug":"panico-en-oklahoma-un-tornado-arraso-el-estado-del-centro-de-ee-uu-destruyo-decenas-de-viviendas-y-obligo-a-cerrar-rutas-y-autopistas","status":"publish","type":"post","link":"https:\/\/masquenoticiastucuman.com.ar\/?p=61308","title":{"rendered":"P\u00e1nico en Oklahoma: un tornado arras\u00f3 el estado del centro de EE.UU., destruy\u00f3 decenas de viviendas y oblig\u00f3 a cerrar rutas y autopistas"},"content":{"rendered":"<ul>\n<li>El fen\u00f3meno afect\u00f3 principalmente a una base a\u00e9rea militar y a la ciudad de Enid, donde hubo cuantiosos da\u00f1os materiales.<\/li>\n<\/ul>\n<p>\u200bEl fen\u00f3meno afect\u00f3 principalmente a una base a\u00e9rea militar y a la ciudad de Enid, donde hubo cuantiosos da\u00f1os materiales.\u00a0<a href=\"https:\/\/www.clarin.com\/mundo\/panico-oklahoma-tornado-arraso-estado-centro-eeuu-destruyo-decenas-viviendas-obligo-cerrar-rutas-autopistas_0_52J2GcrUpC.html\" target=\"_blank\" class=\"feedzy-rss-link-icon\">Read More<\/a><\/p>","protected":false},"excerpt":{"rendered":"<p>El fen\u00f3meno afect\u00f3 principalmente a una base a\u00e9rea militar y a la ciudad de Enid,&#8230;<\/p>\n","protected":false},"author":1,"featured_media":61309,"comment_status":"open","ping_status":"open","sticky":false,"template":"","format":"standard","meta":{"footnotes":""},"categories":[4],"tags":[],"class_list":["post-61308","post","type-post","status-publish","format-standard","has-post-thumbnail","hentry","category-internacionales"],"_links":{"self":[{"href":"https:\/\/masquenoticiastucuman.com.ar\/index.php?rest_route=\/wp\/v2\/posts\/61308","targetHints":{"allow":["GET"]}}],"collection":[{"href":"https:\/\/masquenoticiastucuman.com.ar\/index.php?rest_route=\/wp\/v2\/posts"}],"about":[{"href":"https:\/\/masquenoticiastucuman.com.ar\/index.php?rest_route=\/wp\/v2\/types\/post"}],"author":[{"embeddable":true,"href":"https:\/\/masquenoticiastucuman.com.ar\/index.php?rest_route=\/wp\/v2\/users\/1"}],"replies":[{"embeddable":true,"href":"https:\/\/masquenoticiastucuman.com.ar\/index.php?rest_route=%2Fwp%2Fv2%2Fcomments&post=61308"}],"version-history":[{"count":0,"href":"https:\/\/masquenoticiastucuman.com.ar\/index.php?rest_route=\/wp\/v2\/posts\/61308\/revisions"}],"wp:featuredmedia":[{"embeddable":true,"href":"https:\/\/masquenoticiastucuman.com.ar\/index.php?rest_route=\/wp\/v2\/media\/61309"}],"wp:attachment":[{"href":"https:\/\/masquenoticiastucuman.com.ar\/index.php?rest_route=%2Fwp%2Fv2%2Fmedia&parent=61308"}],"wp:term":[{"taxonomy":"category","embeddable":true,"href":"https:\/\/masquenoticiastucuman.com.ar\/index.php?rest_route=%2Fwp%2Fv2%2Fcategories&post=61308"},{"taxonomy":"post_tag","embeddable":true,"href":"https:\/\/masquenoticiastucuman.com.ar\/index.php?rest_route=%2Fwp%2Fv2%2Ftags&post=61308"}],"curies":[{"name":"wp","href":"https:\/\/api.w.org\/{rel}","templated":true}]}}