{"id":61310,"date":"2026-04-25T10:30:52","date_gmt":"2026-04-25T13:30:52","guid":{"rendered":"http:\/\/masquenoticiastucuman.com.ar\/?p=61310"},"modified":"2026-04-25T10:30:52","modified_gmt":"2026-04-25T13:30:52","slug":"cuando-juega-argentina-vs-argelia-por-el-mundial-2026-a-que-hora-y-en-que-ciudad","status":"publish","type":"post","link":"https:\/\/masquenoticiastucuman.com.ar\/?p=61310","title":{"rendered":"Cu\u00e1ndo juega Argentina vs Argelia, por el Mundial 2026: a qu\u00e9 hora y en qu\u00e9 ciudad"},"content":{"rendered":"<ul>\n<li>La Albiceleste iniciar\u00e1 la defensa de su corona mundialista frente al seleccionado africano.<\/li>\n<li>El cronograma oficial de la FIFA confirm\u00f3 los detalles log\u00edsticos para el debut del equipo conducido por Lionel Scaloni.<\/li>\n<\/ul>\n<p>\u200bLa Albiceleste iniciar\u00e1 la defensa de su corona mundialista frente al seleccionado africano.El cronograma oficial de la FIFA confirm\u00f3 los detalles log\u00edsticos para el debut del equipo conducido por Lionel Scaloni.\u00a0<a href=\"https:\/\/www.clarin.com\/deportes\/juega-argentina-vs-argelia-mundial-2026-hora-ciudad_0_nQWal6YFOw.html\" target=\"_blank\" class=\"feedzy-rss-link-icon\">Read More<\/a><\/p>","protected":false},"excerpt":{"rendered":"<p>La Albiceleste iniciar\u00e1 la defensa de su corona mundialista frente al seleccionado africano. El cronograma&#8230;<\/p>\n","protected":false},"author":1,"featured_media":0,"comment_status":"open","ping_status":"open","sticky":false,"template":"","format":"standard","meta":{"footnotes":""},"categories":[6],"tags":[],"class_list":["post-61310","post","type-post","status-publish","format-standard","has-post-thumbnail","hentry","category-deportes"],"_links":{"self":[{"href":"https:\/\/masquenoticiastucuman.com.ar\/index.php?rest_route=\/wp\/v2\/posts\/61310","targetHints":{"allow":["GET"]}}],"collection":[{"href":"https:\/\/masquenoticiastucuman.com.ar\/index.php?rest_route=\/wp\/v2\/posts"}],"about":[{"href":"https:\/\/masquenoticiastucuman.com.ar\/index.php?rest_route=\/wp\/v2\/types\/post"}],"author":[{"embeddable":true,"href":"https:\/\/masquenoticiastucuman.com.ar\/index.php?rest_route=\/wp\/v2\/users\/1"}],"replies":[{"embeddable":true,"href":"https:\/\/masquenoticiastucuman.com.ar\/index.php?rest_route=%2Fwp%2Fv2%2Fcomments&post=61310"}],"version-history":[{"count":0,"href":"https:\/\/masquenoticiastucuman.com.ar\/index.php?rest_route=\/wp\/v2\/posts\/61310\/revisions"}],"wp:attachment":[{"href":"https:\/\/masquenoticiastucuman.com.ar\/index.php?rest_route=%2Fwp%2Fv2%2Fmedia&parent=61310"}],"wp:term":[{"taxonomy":"category","embeddable":true,"href":"https:\/\/masquenoticiastucuman.com.ar\/index.php?rest_route=%2Fwp%2Fv2%2Fcategories&post=61310"},{"taxonomy":"post_tag","embeddable":true,"href":"https:\/\/masquenoticiastucuman.com.ar\/index.php?rest_route=%2Fwp%2Fv2%2Ftags&post=61310"}],"curies":[{"name":"wp","href":"https:\/\/api.w.org\/{rel}","templated":true}]}}