{"id":61318,"date":"2026-04-25T11:56:27","date_gmt":"2026-04-25T14:56:27","guid":{"rendered":"https:\/\/masquenoticiastucuman.com.ar\/?p=61318"},"modified":"2026-04-25T11:56:28","modified_gmt":"2026-04-25T14:56:28","slug":"provincia-y-municipio-refuerzan-su-plan-para-garantizar-el-transporte-publico","status":"publish","type":"post","link":"https:\/\/masquenoticiastucuman.com.ar\/?p=61318","title":{"rendered":"Provincia y Municipio refuerzan su plan para garantizar el transporte p\u00fablico"},"content":{"rendered":"\n<p>El gobernador y la intendenta de la Capital coincidieron en la necesidad de una estrategia metropolitana y un diagn\u00f3stico integral para mejorar la calidad, frecuencia y sostenibilidad del transporte p\u00fablico.<\/p>\n\n\n\n<p id=\"isPasted\">El gobernador,&nbsp;<strong>Osvaldo Jaldo,<\/strong>&nbsp;y la intendenta de San Miguel de Tucum\u00e1n<strong>, Rossana Chahla,&nbsp;<\/strong>se refirieron este viernes a la situaci\u00f3n del transporte p\u00fablico de pasajeros en la provincia y remarcaron la necesidad de avanzar en medidas estructurales para garantizar su funcionamiento, en un contexto de crisis y retiro del financiamiento nacional.<\/p>\n\n\n\n<p>Jaldo reconoci\u00f3 las deficiencias actuales del sistema y destac\u00f3 el trabajo conjunto con el municipio para revertirlas. \u201cSabemos que el transporte p\u00fablico en Tucum\u00e1n tiene muchas falencias, pero con la Intendenta venimos haciendo un gran esfuerzo para corregirlas, tanto en la calidad y frecuencia del servicio como en las condiciones de las unidades\u201d, afirm\u00f3. Adem\u00e1s, subray\u00f3 el impacto econ\u00f3mico y social de la actividad, que sostiene a cientos de familias y resulta esencial para el funcionamiento de la provincia.<\/p>\n\n\n\n<p>En ese sentido, el mandatario provincial explic\u00f3 que la pr\u00f3rroga de la Emergencia del Transporte P\u00fablico permitir\u00e1 contar con m\u00e1rgenes legales y administrativas para tomar decisiones en beneficio de los usuarios. \u201cCuando el transporte se paraliza, la provincia tambi\u00e9n se detiene: afecta la educaci\u00f3n, la salud y el comercio. Por eso, el objetivo es sostener esta emergencia para garantizar el servicio\u201d, sostuvo.<\/p>\n\n\n\n<p>Por su parte, Chahla puso el foco en la necesidad de abordar el sistema desde una perspectiva metropolitana. \u201cEl transporte no es solo de la Capital, es metropolitano, y sin una mirada integral no va a funcionar\u201d, se\u00f1al\u00f3. La intendenta detall\u00f3 que ya se trabaja en un diagn\u00f3stico conjunto que abarque toda la provincia y permita avanzar en soluciones concretas.<\/p>\n\n\n\n<p>Entre las propuestas en an\u00e1lisis, mencion\u00f3 la posibilidad de una futura licitaci\u00f3n, la incorporaci\u00f3n de nuevas unidades y la optimizaci\u00f3n de recorridos. No obstante, advirti\u00f3 sobre la complejidad social del sistema, especialmente en relaci\u00f3n con los trabajadores del sector. \u201cTenemos que evaluar cada situaci\u00f3n, garantizar condiciones dignas y ser cuidadosos en cada decisi\u00f3n\u201d, indic\u00f3.<\/p>\n\n\n\n<p>Asimismo, remarc\u00f3 la necesidad de reducir costos sin trasladar mayores cargas a los usuarios, en un contexto de restricciones presupuestarias. \u201cEstamos desfinanciados, por eso necesitamos una estrategia clara y definitiva junto al Gobierno provincial\u201d, afirm\u00f3.<\/p>\n\n\n\n<p>En el cierre, Jaldo contextualiz\u00f3 la crisis actual en la retirada del Estado nacional del financiamiento al transporte. Record\u00f3 que anteriormente exist\u00edan subsidios al combustible y compensaciones que permit\u00edan sostener tarifas m\u00e1s accesibles. \u201cHoy la Naci\u00f3n ya no aporta esos recursos, y la responsabilidad recae \u00fanicamente en la Provincia y los municipios\u201d, explic\u00f3.<\/p>\n\n\n\n<p>Finalmente, el gobernador reafirm\u00f3 el compromiso de avanzar hacia una licitaci\u00f3n p\u00fablica nacional del servicio, con el objetivo de mejorar su eficiencia y control. \u201cEl transporte es uno solo y estamos trabajando en conjunto para sostenerlo y mejorarlo en beneficio de todos los tucumanos\u201d, concluy\u00f3.<\/p>\n","protected":false},"excerpt":{"rendered":"<p>El gobernador y la intendenta de la Capital coincidieron en la necesidad de una estrategia&#8230;<\/p>\n","protected":false},"author":2,"featured_media":61319,"comment_status":"open","ping_status":"open","sticky":false,"template":"","format":"standard","meta":{"footnotes":""},"categories":[2],"tags":[],"class_list":["post-61318","post","type-post","status-publish","format-standard","has-post-thumbnail","hentry","category-locales"],"_links":{"self":[{"href":"https:\/\/masquenoticiastucuman.com.ar\/index.php?rest_route=\/wp\/v2\/posts\/61318","targetHints":{"allow":["GET"]}}],"collection":[{"href":"https:\/\/masquenoticiastucuman.com.ar\/index.php?rest_route=\/wp\/v2\/posts"}],"about":[{"href":"https:\/\/masquenoticiastucuman.com.ar\/index.php?rest_route=\/wp\/v2\/types\/post"}],"author":[{"embeddable":true,"href":"https:\/\/masquenoticiastucuman.com.ar\/index.php?rest_route=\/wp\/v2\/users\/2"}],"replies":[{"embeddable":true,"href":"https:\/\/masquenoticiastucuman.com.ar\/index.php?rest_route=%2Fwp%2Fv2%2Fcomments&post=61318"}],"version-history":[{"count":1,"href":"https:\/\/masquenoticiastucuman.com.ar\/index.php?rest_route=\/wp\/v2\/posts\/61318\/revisions"}],"predecessor-version":[{"id":61320,"href":"https:\/\/masquenoticiastucuman.com.ar\/index.php?rest_route=\/wp\/v2\/posts\/61318\/revisions\/61320"}],"wp:featuredmedia":[{"embeddable":true,"href":"https:\/\/masquenoticiastucuman.com.ar\/index.php?rest_route=\/wp\/v2\/media\/61319"}],"wp:attachment":[{"href":"https:\/\/masquenoticiastucuman.com.ar\/index.php?rest_route=%2Fwp%2Fv2%2Fmedia&parent=61318"}],"wp:term":[{"taxonomy":"category","embeddable":true,"href":"https:\/\/masquenoticiastucuman.com.ar\/index.php?rest_route=%2Fwp%2Fv2%2Fcategories&post=61318"},{"taxonomy":"post_tag","embeddable":true,"href":"https:\/\/masquenoticiastucuman.com.ar\/index.php?rest_route=%2Fwp%2Fv2%2Ftags&post=61318"}],"curies":[{"name":"wp","href":"https:\/\/api.w.org\/{rel}","templated":true}]}}