{"id":61321,"date":"2026-04-25T11:12:45","date_gmt":"2026-04-25T14:12:45","guid":{"rendered":"http:\/\/masquenoticiastucuman.com.ar\/?p=61321"},"modified":"2026-04-25T11:12:45","modified_gmt":"2026-04-25T14:12:45","slug":"el-tour-de-legisladores-y-funcionarios-por-los-despachos-de-washington","status":"publish","type":"post","link":"https:\/\/masquenoticiastucuman.com.ar\/?p=61321","title":{"rendered":"El tour de legisladores y funcionarios por los despachos de Washington"},"content":{"rendered":"<ul>\n<li>Organizado por AmCham y antes del debate sobre patentes, la agenda incluy\u00f3 los temas de desregulaci\u00f3n y ambiente de negocios.<\/li>\n<li>Un sondeo llamativo acerca de c\u00f3mo se ve a China en la regi\u00f3n. <\/li>\n<li>Y un documental acerca de uno de los think tank clave en pol\u00edticas de desarrollo, entre los secretos empresarios.<\/li>\n<\/ul>\n<p>\u200bOrganizado por AmCham y antes del debate sobre patentes, la agenda incluy\u00f3 los temas de desregulaci\u00f3n y ambiente de negocios.Un sondeo llamativo acerca de c\u00f3mo se ve a China en la regi\u00f3n. Y un documental acerca de uno de los think tank clave en pol\u00edticas de desarrollo, entre los secretos empresarios.\u00a0<a href=\"https:\/\/www.clarin.com\/economia\/tour-legisladores-funcionarios-despachos-washington_0_ExmLJ3QiVK.html\" target=\"_blank\" class=\"feedzy-rss-link-icon\">Read More<\/a><\/p>","protected":false},"excerpt":{"rendered":"<p>Organizado por AmCham y antes del debate sobre patentes, la agenda incluy\u00f3 los temas de&#8230;<\/p>\n","protected":false},"author":1,"featured_media":0,"comment_status":"open","ping_status":"open","sticky":false,"template":"","format":"standard","meta":{"footnotes":""},"categories":[3],"tags":[],"class_list":["post-61321","post","type-post","status-publish","format-standard","has-post-thumbnail","hentry","category-nacionales"],"_links":{"self":[{"href":"https:\/\/masquenoticiastucuman.com.ar\/index.php?rest_route=\/wp\/v2\/posts\/61321","targetHints":{"allow":["GET"]}}],"collection":[{"href":"https:\/\/masquenoticiastucuman.com.ar\/index.php?rest_route=\/wp\/v2\/posts"}],"about":[{"href":"https:\/\/masquenoticiastucuman.com.ar\/index.php?rest_route=\/wp\/v2\/types\/post"}],"author":[{"embeddable":true,"href":"https:\/\/masquenoticiastucuman.com.ar\/index.php?rest_route=\/wp\/v2\/users\/1"}],"replies":[{"embeddable":true,"href":"https:\/\/masquenoticiastucuman.com.ar\/index.php?rest_route=%2Fwp%2Fv2%2Fcomments&post=61321"}],"version-history":[{"count":0,"href":"https:\/\/masquenoticiastucuman.com.ar\/index.php?rest_route=\/wp\/v2\/posts\/61321\/revisions"}],"wp:attachment":[{"href":"https:\/\/masquenoticiastucuman.com.ar\/index.php?rest_route=%2Fwp%2Fv2%2Fmedia&parent=61321"}],"wp:term":[{"taxonomy":"category","embeddable":true,"href":"https:\/\/masquenoticiastucuman.com.ar\/index.php?rest_route=%2Fwp%2Fv2%2Fcategories&post=61321"},{"taxonomy":"post_tag","embeddable":true,"href":"https:\/\/masquenoticiastucuman.com.ar\/index.php?rest_route=%2Fwp%2Fv2%2Ftags&post=61321"}],"curies":[{"name":"wp","href":"https:\/\/api.w.org\/{rel}","templated":true}]}}