{"id":61325,"date":"2026-04-25T13:46:35","date_gmt":"2026-04-25T16:46:35","guid":{"rendered":"http:\/\/masquenoticiastucuman.com.ar\/?p=61325"},"modified":"2026-04-25T13:46:35","modified_gmt":"2026-04-25T16:46:35","slug":"otra-demanda-contra-argentina-una-empresa-francesa-va-a-la-justicia-de-estados-unidos-para-cobrar-un-fallo-de-us-40-millones","status":"publish","type":"post","link":"https:\/\/masquenoticiastucuman.com.ar\/?p=61325","title":{"rendered":"Otra demanda contra Argentina: una empresa francesa va a la Justicia de Estados Unidos para cobrar un fallo de US$ 40 millones"},"content":{"rendered":"<ul>\n<li>Se trata de Saur Internacional, que era accionista de la empresa de agua de Mendoza hasta que la provincia la expropi\u00f3, en 2010.<\/li>\n<li>El juicio llega 12 a\u00f1os despu\u00e9s de haber obtenido un fallo favorable en el CIADI.<\/li>\n<\/ul>\n<p>\u200bSe trata de Saur Internacional, que era accionista de la empresa de agua de Mendoza hasta que la provincia la expropi\u00f3, en 2010.El juicio llega 12 a\u00f1os despu\u00e9s de haber obtenido un fallo favorable en el CIADI.\u00a0<a href=\"https:\/\/www.clarin.com\/economia\/demanda-argentina-empresa-francesa-va-justicia-estados-unidos-cobrar-fallo-us-40-millones_0_k2dzq45uNu.html\" target=\"_blank\" class=\"feedzy-rss-link-icon\">Read More<\/a><\/p>","protected":false},"excerpt":{"rendered":"<p>Se trata de Saur Internacional, que era accionista de la empresa de agua de Mendoza&#8230;<\/p>\n","protected":false},"author":1,"featured_media":0,"comment_status":"open","ping_status":"open","sticky":false,"template":"","format":"standard","meta":{"footnotes":""},"categories":[3],"tags":[],"class_list":["post-61325","post","type-post","status-publish","format-standard","has-post-thumbnail","hentry","category-nacionales"],"_links":{"self":[{"href":"https:\/\/masquenoticiastucuman.com.ar\/index.php?rest_route=\/wp\/v2\/posts\/61325","targetHints":{"allow":["GET"]}}],"collection":[{"href":"https:\/\/masquenoticiastucuman.com.ar\/index.php?rest_route=\/wp\/v2\/posts"}],"about":[{"href":"https:\/\/masquenoticiastucuman.com.ar\/index.php?rest_route=\/wp\/v2\/types\/post"}],"author":[{"embeddable":true,"href":"https:\/\/masquenoticiastucuman.com.ar\/index.php?rest_route=\/wp\/v2\/users\/1"}],"replies":[{"embeddable":true,"href":"https:\/\/masquenoticiastucuman.com.ar\/index.php?rest_route=%2Fwp%2Fv2%2Fcomments&post=61325"}],"version-history":[{"count":0,"href":"https:\/\/masquenoticiastucuman.com.ar\/index.php?rest_route=\/wp\/v2\/posts\/61325\/revisions"}],"wp:attachment":[{"href":"https:\/\/masquenoticiastucuman.com.ar\/index.php?rest_route=%2Fwp%2Fv2%2Fmedia&parent=61325"}],"wp:term":[{"taxonomy":"category","embeddable":true,"href":"https:\/\/masquenoticiastucuman.com.ar\/index.php?rest_route=%2Fwp%2Fv2%2Fcategories&post=61325"},{"taxonomy":"post_tag","embeddable":true,"href":"https:\/\/masquenoticiastucuman.com.ar\/index.php?rest_route=%2Fwp%2Fv2%2Ftags&post=61325"}],"curies":[{"name":"wp","href":"https:\/\/api.w.org\/{rel}","templated":true}]}}