{"id":61328,"date":"2026-04-25T13:40:59","date_gmt":"2026-04-25T16:40:59","guid":{"rendered":"http:\/\/masquenoticiastucuman.com.ar\/?p=61328"},"modified":"2026-04-25T13:40:59","modified_gmt":"2026-04-25T16:40:59","slug":"racing-se-agita-en-un-coctel-explosivo-malos-resultados-bronca-de-sus-hinchas-y-una-cruda-interna-politica-que-no-cesa","status":"publish","type":"post","link":"https:\/\/masquenoticiastucuman.com.ar\/?p=61328","title":{"rendered":"Racing se agita en un c\u00f3ctel explosivo: malos resultados, bronca de sus hinchas y una cruda interna pol\u00edtica que no cesa"},"content":{"rendered":"<ul>\n<li>El empate con Barracas Central, sumado a las \u00faltimas derrotas, expuso la crisis del f\u00fatbol.<\/li>\n<li>Hubo insultos y pintadas contra la Comisi\u00f3n Directiva que encabeza Diego Milito.<\/li>\n<li>Costas fue positivo: &#8220;Tengo una fe enorme de que vamos a entrar&#8221;, dijo.<\/li>\n<\/ul>\n<p>\u200bEl empate con Barracas Central, sumado a las \u00faltimas derrotas, expuso la crisis del f\u00fatbol.Hubo insultos y pintadas contra la Comisi\u00f3n Directiva que encabeza Diego Milito.Costas fue positivo: &#8220;Tengo una fe enorme de que vamos a entrar&#8221;, dijo.\u00a0<a href=\"https:\/\/www.clarin.com\/deportes\/racing-agita-coctel-explosivo-malos-resultados-bronca-hinchas-cruda-interna-politica-cesa_0_VEsZKlUZXZ.html\" target=\"_blank\" class=\"feedzy-rss-link-icon\">Read More<\/a><\/p>","protected":false},"excerpt":{"rendered":"<p>El empate con Barracas Central, sumado a las \u00faltimas derrotas, expuso la crisis del f\u00fatbol&#8230;.<\/p>\n","protected":false},"author":1,"featured_media":0,"comment_status":"open","ping_status":"open","sticky":false,"template":"","format":"standard","meta":{"footnotes":""},"categories":[6],"tags":[],"class_list":["post-61328","post","type-post","status-publish","format-standard","has-post-thumbnail","hentry","category-deportes"],"_links":{"self":[{"href":"https:\/\/masquenoticiastucuman.com.ar\/index.php?rest_route=\/wp\/v2\/posts\/61328","targetHints":{"allow":["GET"]}}],"collection":[{"href":"https:\/\/masquenoticiastucuman.com.ar\/index.php?rest_route=\/wp\/v2\/posts"}],"about":[{"href":"https:\/\/masquenoticiastucuman.com.ar\/index.php?rest_route=\/wp\/v2\/types\/post"}],"author":[{"embeddable":true,"href":"https:\/\/masquenoticiastucuman.com.ar\/index.php?rest_route=\/wp\/v2\/users\/1"}],"replies":[{"embeddable":true,"href":"https:\/\/masquenoticiastucuman.com.ar\/index.php?rest_route=%2Fwp%2Fv2%2Fcomments&post=61328"}],"version-history":[{"count":0,"href":"https:\/\/masquenoticiastucuman.com.ar\/index.php?rest_route=\/wp\/v2\/posts\/61328\/revisions"}],"wp:attachment":[{"href":"https:\/\/masquenoticiastucuman.com.ar\/index.php?rest_route=%2Fwp%2Fv2%2Fmedia&parent=61328"}],"wp:term":[{"taxonomy":"category","embeddable":true,"href":"https:\/\/masquenoticiastucuman.com.ar\/index.php?rest_route=%2Fwp%2Fv2%2Fcategories&post=61328"},{"taxonomy":"post_tag","embeddable":true,"href":"https:\/\/masquenoticiastucuman.com.ar\/index.php?rest_route=%2Fwp%2Fv2%2Ftags&post=61328"}],"curies":[{"name":"wp","href":"https:\/\/api.w.org\/{rel}","templated":true}]}}