{"id":61329,"date":"2026-04-25T13:00:54","date_gmt":"2026-04-25T16:00:54","guid":{"rendered":"http:\/\/masquenoticiastucuman.com.ar\/?p=61329"},"modified":"2026-04-25T13:00:54","modified_gmt":"2026-04-25T16:00:54","slug":"franco-colapinto-en-palermo-estas-son-las-ubicaciones-gratuitas-para-ver-el-road-show-de-la-f1","status":"publish","type":"post","link":"https:\/\/masquenoticiastucuman.com.ar\/?p=61329","title":{"rendered":"Franco Colapinto en Palermo: est\u00e1s son las ubicaciones gratuitas para ver el road show de la F1"},"content":{"rendered":"<ul>\n<li>Este domingo, las calles de Buenos Aires se transformar\u00e1n en un circuito para la exhibici\u00f3n del piloto argentino.<\/li>\n<li>El evento marcar\u00e1 la primera vez en 14 a\u00f1os que un auto de F\u00f3rmula 1 circula en la Ciudad.<\/li>\n<\/ul>\n<p>\u200bEste domingo, las calles de Buenos Aires se transformar\u00e1n en un circuito para la exhibici\u00f3n del piloto argentino.El evento marcar\u00e1 la primera vez en 14 a\u00f1os que un auto de F\u00f3rmula 1 circula en la Ciudad.\u00a0<a href=\"https:\/\/www.clarin.com\/deportes\/franco-colapinto-palermo-ubicaciones-gratuitas-ver-road-show-f1_0_Sm6EwZ4nbv.html\" target=\"_blank\" class=\"feedzy-rss-link-icon\">Read More<\/a><\/p>","protected":false},"excerpt":{"rendered":"<p>Este domingo, las calles de Buenos Aires se transformar\u00e1n en un circuito para la exhibici\u00f3n&#8230;<\/p>\n","protected":false},"author":1,"featured_media":0,"comment_status":"open","ping_status":"open","sticky":false,"template":"","format":"standard","meta":{"footnotes":""},"categories":[6],"tags":[],"class_list":["post-61329","post","type-post","status-publish","format-standard","has-post-thumbnail","hentry","category-deportes"],"_links":{"self":[{"href":"https:\/\/masquenoticiastucuman.com.ar\/index.php?rest_route=\/wp\/v2\/posts\/61329","targetHints":{"allow":["GET"]}}],"collection":[{"href":"https:\/\/masquenoticiastucuman.com.ar\/index.php?rest_route=\/wp\/v2\/posts"}],"about":[{"href":"https:\/\/masquenoticiastucuman.com.ar\/index.php?rest_route=\/wp\/v2\/types\/post"}],"author":[{"embeddable":true,"href":"https:\/\/masquenoticiastucuman.com.ar\/index.php?rest_route=\/wp\/v2\/users\/1"}],"replies":[{"embeddable":true,"href":"https:\/\/masquenoticiastucuman.com.ar\/index.php?rest_route=%2Fwp%2Fv2%2Fcomments&post=61329"}],"version-history":[{"count":0,"href":"https:\/\/masquenoticiastucuman.com.ar\/index.php?rest_route=\/wp\/v2\/posts\/61329\/revisions"}],"wp:attachment":[{"href":"https:\/\/masquenoticiastucuman.com.ar\/index.php?rest_route=%2Fwp%2Fv2%2Fmedia&parent=61329"}],"wp:term":[{"taxonomy":"category","embeddable":true,"href":"https:\/\/masquenoticiastucuman.com.ar\/index.php?rest_route=%2Fwp%2Fv2%2Fcategories&post=61329"},{"taxonomy":"post_tag","embeddable":true,"href":"https:\/\/masquenoticiastucuman.com.ar\/index.php?rest_route=%2Fwp%2Fv2%2Ftags&post=61329"}],"curies":[{"name":"wp","href":"https:\/\/api.w.org\/{rel}","templated":true}]}}