{"id":61331,"date":"2026-04-25T15:32:26","date_gmt":"2026-04-25T18:32:26","guid":{"rendered":"http:\/\/masquenoticiastucuman.com.ar\/?p=61331"},"modified":"2026-04-25T15:32:26","modified_gmt":"2026-04-25T18:32:26","slug":"la-tension-y-el-bloqueo-del-estrecho-de-ormuz-impiden-el-regreso-a-la-normalidad-en-las-monarquias-petroleras-de-oriente-medio","status":"publish","type":"post","link":"https:\/\/masquenoticiastucuman.com.ar\/?p=61331","title":{"rendered":"La tensi\u00f3n y el bloqueo del Estrecho de Ormuz impiden el regreso a la normalidad en las monarqu\u00edas petroleras de Oriente Medio"},"content":{"rendered":"<ul>\n<li>Emiratos \u00c1rabes Unidos, Arabia Saudita, Qatar y Kuwait miran con preocupaci\u00f3n el cierre de ese paso clave para el comercio de petr\u00f3leo.<\/li>\n<li>Golpe al turismo y a la econom\u00eda. Posiciones encontradas sobre el apoyo al r\u00e9gimen iran\u00ed.<\/li>\n<\/ul>\n<p>\u200bEmiratos \u00c1rabes Unidos, Arabia Saudita, Qatar y Kuwait miran con preocupaci\u00f3n el cierre de ese paso clave para el comercio de petr\u00f3leo.Golpe al turismo y a la econom\u00eda. Posiciones encontradas sobre el apoyo al r\u00e9gimen iran\u00ed.\u00a0<a href=\"https:\/\/www.clarin.com\/mundo\/tension-bloqueo-estrecho-ormuz-impiden-regreso-normalidad-monarquias-petroleras-oriente-medio_0_X4TM63LKNL.html\" target=\"_blank\" class=\"feedzy-rss-link-icon\">Read More<\/a><\/p>","protected":false},"excerpt":{"rendered":"<p>Emiratos \u00c1rabes Unidos, Arabia Saudita, Qatar y Kuwait miran con preocupaci\u00f3n el cierre de ese&#8230;<\/p>\n","protected":false},"author":1,"featured_media":61332,"comment_status":"open","ping_status":"open","sticky":false,"template":"","format":"standard","meta":{"footnotes":""},"categories":[4],"tags":[],"class_list":["post-61331","post","type-post","status-publish","format-standard","has-post-thumbnail","hentry","category-internacionales"],"_links":{"self":[{"href":"https:\/\/masquenoticiastucuman.com.ar\/index.php?rest_route=\/wp\/v2\/posts\/61331","targetHints":{"allow":["GET"]}}],"collection":[{"href":"https:\/\/masquenoticiastucuman.com.ar\/index.php?rest_route=\/wp\/v2\/posts"}],"about":[{"href":"https:\/\/masquenoticiastucuman.com.ar\/index.php?rest_route=\/wp\/v2\/types\/post"}],"author":[{"embeddable":true,"href":"https:\/\/masquenoticiastucuman.com.ar\/index.php?rest_route=\/wp\/v2\/users\/1"}],"replies":[{"embeddable":true,"href":"https:\/\/masquenoticiastucuman.com.ar\/index.php?rest_route=%2Fwp%2Fv2%2Fcomments&post=61331"}],"version-history":[{"count":0,"href":"https:\/\/masquenoticiastucuman.com.ar\/index.php?rest_route=\/wp\/v2\/posts\/61331\/revisions"}],"wp:featuredmedia":[{"embeddable":true,"href":"https:\/\/masquenoticiastucuman.com.ar\/index.php?rest_route=\/wp\/v2\/media\/61332"}],"wp:attachment":[{"href":"https:\/\/masquenoticiastucuman.com.ar\/index.php?rest_route=%2Fwp%2Fv2%2Fmedia&parent=61331"}],"wp:term":[{"taxonomy":"category","embeddable":true,"href":"https:\/\/masquenoticiastucuman.com.ar\/index.php?rest_route=%2Fwp%2Fv2%2Fcategories&post=61331"},{"taxonomy":"post_tag","embeddable":true,"href":"https:\/\/masquenoticiastucuman.com.ar\/index.php?rest_route=%2Fwp%2Fv2%2Ftags&post=61331"}],"curies":[{"name":"wp","href":"https:\/\/api.w.org\/{rel}","templated":true}]}}