{"id":61338,"date":"2026-04-25T17:00:57","date_gmt":"2026-04-25T20:00:57","guid":{"rendered":"http:\/\/masquenoticiastucuman.com.ar\/?p=61338"},"modified":"2026-04-25T17:00:57","modified_gmt":"2026-04-25T20:00:57","slug":"f1-gp-de-miami-horarios-de-la-carrera-como-y-donde-ver-la-formula-1-2","status":"publish","type":"post","link":"https:\/\/masquenoticiastucuman.com.ar\/?p=61338","title":{"rendered":"F1 GP de Miami: horarios de la carrera, c\u00f3mo y d\u00f3nde ver la F\u00f3rmula 1"},"content":{"rendered":"<ul>\n<li>La quinta fecha del campeonato 2026 se corre en el circuito callejero del Hard Rock Stadium con formato sprint.<\/li>\n<li>Franco Colapinto buscar\u00e1 volver a sumar puntos en una carrera clave del campeonato que lidera Kimi Antonelli.<\/li>\n<\/ul>\n<p>\u200bLa quinta fecha del campeonato 2026 se corre en el circuito callejero del Hard Rock Stadium con formato sprint.Franco Colapinto buscar\u00e1 volver a sumar puntos en una carrera clave del campeonato que lidera Kimi Antonelli.\u00a0<a href=\"https:\/\/www.clarin.com\/deportes\/f1-gp-miami-horarios-carrera-ver-formula-1_0_627BRuetDm.html\" target=\"_blank\" class=\"feedzy-rss-link-icon\">Read More<\/a><\/p>","protected":false},"excerpt":{"rendered":"<p>La quinta fecha del campeonato 2026 se corre en el circuito callejero del Hard Rock&#8230;<\/p>\n","protected":false},"author":1,"featured_media":0,"comment_status":"open","ping_status":"open","sticky":false,"template":"","format":"standard","meta":{"footnotes":""},"categories":[6],"tags":[],"class_list":["post-61338","post","type-post","status-publish","format-standard","has-post-thumbnail","hentry","category-deportes"],"_links":{"self":[{"href":"https:\/\/masquenoticiastucuman.com.ar\/index.php?rest_route=\/wp\/v2\/posts\/61338","targetHints":{"allow":["GET"]}}],"collection":[{"href":"https:\/\/masquenoticiastucuman.com.ar\/index.php?rest_route=\/wp\/v2\/posts"}],"about":[{"href":"https:\/\/masquenoticiastucuman.com.ar\/index.php?rest_route=\/wp\/v2\/types\/post"}],"author":[{"embeddable":true,"href":"https:\/\/masquenoticiastucuman.com.ar\/index.php?rest_route=\/wp\/v2\/users\/1"}],"replies":[{"embeddable":true,"href":"https:\/\/masquenoticiastucuman.com.ar\/index.php?rest_route=%2Fwp%2Fv2%2Fcomments&post=61338"}],"version-history":[{"count":0,"href":"https:\/\/masquenoticiastucuman.com.ar\/index.php?rest_route=\/wp\/v2\/posts\/61338\/revisions"}],"wp:attachment":[{"href":"https:\/\/masquenoticiastucuman.com.ar\/index.php?rest_route=%2Fwp%2Fv2%2Fmedia&parent=61338"}],"wp:term":[{"taxonomy":"category","embeddable":true,"href":"https:\/\/masquenoticiastucuman.com.ar\/index.php?rest_route=%2Fwp%2Fv2%2Fcategories&post=61338"},{"taxonomy":"post_tag","embeddable":true,"href":"https:\/\/masquenoticiastucuman.com.ar\/index.php?rest_route=%2Fwp%2Fv2%2Ftags&post=61338"}],"curies":[{"name":"wp","href":"https:\/\/api.w.org\/{rel}","templated":true}]}}