{"id":61340,"date":"2026-04-25T08:19:00","date_gmt":"2026-04-25T11:19:00","guid":{"rendered":"http:\/\/masquenoticiastucuman.com.ar\/?p=61340"},"modified":"2026-04-25T08:19:00","modified_gmt":"2026-04-25T11:19:00","slug":"oportunidad-los-3-iphone-mas-vendidos-en-mercado-libre-en-18-cuotas-sin-interes-y-con-plan-canje","status":"publish","type":"post","link":"https:\/\/masquenoticiastucuman.com.ar\/?p=61340","title":{"rendered":"Oportunidad: los 3 iPhone m\u00e1s vendidos en Mercado Libre, en 18 cuotas sin inter\u00e9s y con plan canje"},"content":{"rendered":"<p>Con cuotas sin inter\u00e9s y Plan Canje, la clave es comparar el costo final y elegir el iPhone que mejor se ajuste al uso real, no solo a la novedad<\/p>\n<p>                                                                <!-- Begin comScore Tag --><\/p>\n<p>                                    <img decoding=\"async\" src=\"https:\/\/sb.scorecardresearch.com\/p?c1=2&amp;c2=16597048&amp;cv=3.6.0&amp;cj=1\" \/><\/p>\n<p>                                <!-- End comScore Tag --><\/p>\n<p>                            \u200bCon cuotas sin inter\u00e9s y Plan Canje, la clave es comparar el costo final y elegir el iPhone que mejor se ajuste al uso real, no solo a la novedad\u00a0<a href=\"https:\/\/www.iprofesional.com\/tecnologia\/453258-los-3-iphone-mas-vendidos-en-mercado-libre-en-18-cuotas-sin-interes-y-con-plan-canje\" target=\"_blank\" class=\"feedzy-rss-link-icon\">Read More<\/a><\/p>","protected":false},"excerpt":{"rendered":"<p>Con cuotas sin inter\u00e9s y Plan Canje, la clave es comparar el costo final y&#8230;<\/p>\n","protected":false},"author":1,"featured_media":0,"comment_status":"open","ping_status":"open","sticky":false,"template":"","format":"standard","meta":{"footnotes":""},"categories":[8],"tags":[],"class_list":["post-61340","post","type-post","status-publish","format-standard","has-post-thumbnail","hentry","category-tecnologia"],"_links":{"self":[{"href":"https:\/\/masquenoticiastucuman.com.ar\/index.php?rest_route=\/wp\/v2\/posts\/61340","targetHints":{"allow":["GET"]}}],"collection":[{"href":"https:\/\/masquenoticiastucuman.com.ar\/index.php?rest_route=\/wp\/v2\/posts"}],"about":[{"href":"https:\/\/masquenoticiastucuman.com.ar\/index.php?rest_route=\/wp\/v2\/types\/post"}],"author":[{"embeddable":true,"href":"https:\/\/masquenoticiastucuman.com.ar\/index.php?rest_route=\/wp\/v2\/users\/1"}],"replies":[{"embeddable":true,"href":"https:\/\/masquenoticiastucuman.com.ar\/index.php?rest_route=%2Fwp%2Fv2%2Fcomments&post=61340"}],"version-history":[{"count":0,"href":"https:\/\/masquenoticiastucuman.com.ar\/index.php?rest_route=\/wp\/v2\/posts\/61340\/revisions"}],"wp:attachment":[{"href":"https:\/\/masquenoticiastucuman.com.ar\/index.php?rest_route=%2Fwp%2Fv2%2Fmedia&parent=61340"}],"wp:term":[{"taxonomy":"category","embeddable":true,"href":"https:\/\/masquenoticiastucuman.com.ar\/index.php?rest_route=%2Fwp%2Fv2%2Fcategories&post=61340"},{"taxonomy":"post_tag","embeddable":true,"href":"https:\/\/masquenoticiastucuman.com.ar\/index.php?rest_route=%2Fwp%2Fv2%2Ftags&post=61340"}],"curies":[{"name":"wp","href":"https:\/\/api.w.org\/{rel}","templated":true}]}}