{"id":61345,"date":"2026-04-25T20:12:54","date_gmt":"2026-04-25T23:12:54","guid":{"rendered":"http:\/\/masquenoticiastucuman.com.ar\/?p=61345"},"modified":"2026-04-25T20:12:54","modified_gmt":"2026-04-25T23:12:54","slug":"ola-de-atentados-en-colombia-al-menos-13-muertos-por-un-ataque-con-bomba-contra-un-micro","status":"publish","type":"post","link":"https:\/\/masquenoticiastucuman.com.ar\/?p=61345","title":{"rendered":"Ola de atentados en Colombia: al menos 13 muertos por un ataque con bomba contra un micro"},"content":{"rendered":"<ul>\n<li>Ocurri\u00f3 en el Cajib\u00edo, en el sudoeste del pa\u00eds, y afect\u00f3 por lo menos a 15 veh\u00edculos.<\/li>\n<li>Los explosivos dejaron un cr\u00e1ter en la ruta. Es el 11\u00b0 ataque en 24 horas.<\/li>\n<\/ul>\n<p>\u200bOcurri\u00f3 en el Cajib\u00edo, en el sudoeste del pa\u00eds, y afect\u00f3 por lo menos a 15 veh\u00edculos.Los explosivos dejaron un cr\u00e1ter en la ruta. Es el 11\u00b0 ataque en 24 horas.\u00a0<a href=\"https:\/\/www.clarin.com\/mundo\/ola-atentados-colombia-13-muertos-ataque-bomba-micro_0_b2efBcXKX0.html\" target=\"_blank\" class=\"feedzy-rss-link-icon\">Read More<\/a><\/p>","protected":false},"excerpt":{"rendered":"<p>Ocurri\u00f3 en el Cajib\u00edo, en el sudoeste del pa\u00eds, y afect\u00f3 por lo menos a&#8230;<\/p>\n","protected":false},"author":1,"featured_media":61346,"comment_status":"open","ping_status":"open","sticky":false,"template":"","format":"standard","meta":{"footnotes":""},"categories":[4],"tags":[],"class_list":["post-61345","post","type-post","status-publish","format-standard","has-post-thumbnail","hentry","category-internacionales"],"_links":{"self":[{"href":"https:\/\/masquenoticiastucuman.com.ar\/index.php?rest_route=\/wp\/v2\/posts\/61345","targetHints":{"allow":["GET"]}}],"collection":[{"href":"https:\/\/masquenoticiastucuman.com.ar\/index.php?rest_route=\/wp\/v2\/posts"}],"about":[{"href":"https:\/\/masquenoticiastucuman.com.ar\/index.php?rest_route=\/wp\/v2\/types\/post"}],"author":[{"embeddable":true,"href":"https:\/\/masquenoticiastucuman.com.ar\/index.php?rest_route=\/wp\/v2\/users\/1"}],"replies":[{"embeddable":true,"href":"https:\/\/masquenoticiastucuman.com.ar\/index.php?rest_route=%2Fwp%2Fv2%2Fcomments&post=61345"}],"version-history":[{"count":0,"href":"https:\/\/masquenoticiastucuman.com.ar\/index.php?rest_route=\/wp\/v2\/posts\/61345\/revisions"}],"wp:featuredmedia":[{"embeddable":true,"href":"https:\/\/masquenoticiastucuman.com.ar\/index.php?rest_route=\/wp\/v2\/media\/61346"}],"wp:attachment":[{"href":"https:\/\/masquenoticiastucuman.com.ar\/index.php?rest_route=%2Fwp%2Fv2%2Fmedia&parent=61345"}],"wp:term":[{"taxonomy":"category","embeddable":true,"href":"https:\/\/masquenoticiastucuman.com.ar\/index.php?rest_route=%2Fwp%2Fv2%2Fcategories&post=61345"},{"taxonomy":"post_tag","embeddable":true,"href":"https:\/\/masquenoticiastucuman.com.ar\/index.php?rest_route=%2Fwp%2Fv2%2Ftags&post=61345"}],"curies":[{"name":"wp","href":"https:\/\/api.w.org\/{rel}","templated":true}]}}