{"id":61351,"date":"2026-04-25T22:03:52","date_gmt":"2026-04-26T01:03:52","guid":{"rendered":"http:\/\/masquenoticiastucuman.com.ar\/?p=61351"},"modified":"2026-04-25T22:03:52","modified_gmt":"2026-04-26T01:03:52","slug":"panico-en-la-cena-de-corresponsales-de-la-casa-blanca-tuvieron-que-evacuar-a-donald-trump-tras-detectar-un-disparo-y-hubo-un-detenido","status":"publish","type":"post","link":"https:\/\/masquenoticiastucuman.com.ar\/?p=61351","title":{"rendered":"P\u00e1nico en la cena de corresponsales de la Casa Blanca: tuvieron que evacuar a Donald Trump tras detectar un disparo y hubo un detenido"},"content":{"rendered":"<ul>\n<li>El servicio secreto activ\u00f3 el protocolo de emergencias y lo sac\u00f3 del lugar.<\/li>\n<li>Investigan c\u00f3mo ocurri\u00f3 el extra\u00f1o ataque.<\/li>\n<li>Trump confirm\u00f3 que hubo un &#8220;tirador que fue detenido&#8221; por las fuerzas especiales<\/li>\n<\/ul>\n<p>\u200bEl servicio secreto activ\u00f3 el protocolo de emergencias y lo sac\u00f3 del lugar.Investigan c\u00f3mo ocurri\u00f3 el extra\u00f1o ataque.Trump confirm\u00f3 que hubo un &#8220;tirador que fue detenido&#8221; por las fuerzas especiales\u00a0<a href=\"https:\/\/www.clarin.com\/mundo\/panico-cena-corresponsales-casa-blanca-evacuar-donald-trump_0_Cpq59bZ209.html\" target=\"_blank\" class=\"feedzy-rss-link-icon\">Read More<\/a><\/p>","protected":false},"excerpt":{"rendered":"<p>El servicio secreto activ\u00f3 el protocolo de emergencias y lo sac\u00f3 del lugar. Investigan c\u00f3mo&#8230;<\/p>\n","protected":false},"author":1,"featured_media":61352,"comment_status":"open","ping_status":"open","sticky":false,"template":"","format":"standard","meta":{"footnotes":""},"categories":[4],"tags":[],"class_list":["post-61351","post","type-post","status-publish","format-standard","has-post-thumbnail","hentry","category-internacionales"],"_links":{"self":[{"href":"https:\/\/masquenoticiastucuman.com.ar\/index.php?rest_route=\/wp\/v2\/posts\/61351","targetHints":{"allow":["GET"]}}],"collection":[{"href":"https:\/\/masquenoticiastucuman.com.ar\/index.php?rest_route=\/wp\/v2\/posts"}],"about":[{"href":"https:\/\/masquenoticiastucuman.com.ar\/index.php?rest_route=\/wp\/v2\/types\/post"}],"author":[{"embeddable":true,"href":"https:\/\/masquenoticiastucuman.com.ar\/index.php?rest_route=\/wp\/v2\/users\/1"}],"replies":[{"embeddable":true,"href":"https:\/\/masquenoticiastucuman.com.ar\/index.php?rest_route=%2Fwp%2Fv2%2Fcomments&post=61351"}],"version-history":[{"count":0,"href":"https:\/\/masquenoticiastucuman.com.ar\/index.php?rest_route=\/wp\/v2\/posts\/61351\/revisions"}],"wp:featuredmedia":[{"embeddable":true,"href":"https:\/\/masquenoticiastucuman.com.ar\/index.php?rest_route=\/wp\/v2\/media\/61352"}],"wp:attachment":[{"href":"https:\/\/masquenoticiastucuman.com.ar\/index.php?rest_route=%2Fwp%2Fv2%2Fmedia&parent=61351"}],"wp:term":[{"taxonomy":"category","embeddable":true,"href":"https:\/\/masquenoticiastucuman.com.ar\/index.php?rest_route=%2Fwp%2Fv2%2Fcategories&post=61351"},{"taxonomy":"post_tag","embeddable":true,"href":"https:\/\/masquenoticiastucuman.com.ar\/index.php?rest_route=%2Fwp%2Fv2%2Ftags&post=61351"}],"curies":[{"name":"wp","href":"https:\/\/api.w.org\/{rel}","templated":true}]}}