{"id":61353,"date":"2026-04-25T21:45:11","date_gmt":"2026-04-26T00:45:11","guid":{"rendered":"http:\/\/masquenoticiastucuman.com.ar\/?p=61353"},"modified":"2026-04-25T21:45:11","modified_gmt":"2026-04-26T00:45:11","slug":"polemica-con-alpine-y-las-malvinas-borraron-un-video-en-que-franco-colapinto-mencionaba-a-las-islas-y-lo-volvieron-a-subir-sin-esa-parte","status":"publish","type":"post","link":"https:\/\/masquenoticiastucuman.com.ar\/?p=61353","title":{"rendered":"Pol\u00e9mica con Alpine y las Malvinas: borraron un video en que Franco Colapinto mencionaba a las islas y lo volvieron a subir sin esa parte"},"content":{"rendered":"<ul>\n<li>La escuder\u00eda de F\u00f3rmula 1 public\u00f3 un video del piloto argentino cantando un hit de la Selecci\u00f3n.<\/li>\n<li>En uno de los versos se lo o\u00eda decir: &#8220;como en Malvinas, preparados pa&#8217; la guerra&#8221;.<\/li>\n<li>La sede de la escuder\u00eda francesa se encuentra cerca de Londres.<\/li>\n<\/ul>\n<p>\u200bLa escuder\u00eda de F\u00f3rmula 1 public\u00f3 un video del piloto argentino cantando un hit de la Selecci\u00f3n.En uno de los versos se lo o\u00eda decir: &#8220;como en Malvinas, preparados pa&#8217; la guerra&#8221;.La sede de la escuder\u00eda francesa se encuentra cerca de Londres.\u00a0<a href=\"https:\/\/www.clarin.com\/deportes\/polemica-alpine-malvinas-borraron-video-franco-colapinto-mencionaba-islas-volvieron-subir-parte_0_OXVpDiJqU9.html\" target=\"_blank\" class=\"feedzy-rss-link-icon\">Read More<\/a><\/p>","protected":false},"excerpt":{"rendered":"<p>La escuder\u00eda de F\u00f3rmula 1 public\u00f3 un video del piloto argentino cantando un hit de&#8230;<\/p>\n","protected":false},"author":1,"featured_media":0,"comment_status":"open","ping_status":"open","sticky":false,"template":"","format":"standard","meta":{"footnotes":""},"categories":[6],"tags":[],"class_list":["post-61353","post","type-post","status-publish","format-standard","has-post-thumbnail","hentry","category-deportes"],"_links":{"self":[{"href":"https:\/\/masquenoticiastucuman.com.ar\/index.php?rest_route=\/wp\/v2\/posts\/61353","targetHints":{"allow":["GET"]}}],"collection":[{"href":"https:\/\/masquenoticiastucuman.com.ar\/index.php?rest_route=\/wp\/v2\/posts"}],"about":[{"href":"https:\/\/masquenoticiastucuman.com.ar\/index.php?rest_route=\/wp\/v2\/types\/post"}],"author":[{"embeddable":true,"href":"https:\/\/masquenoticiastucuman.com.ar\/index.php?rest_route=\/wp\/v2\/users\/1"}],"replies":[{"embeddable":true,"href":"https:\/\/masquenoticiastucuman.com.ar\/index.php?rest_route=%2Fwp%2Fv2%2Fcomments&post=61353"}],"version-history":[{"count":0,"href":"https:\/\/masquenoticiastucuman.com.ar\/index.php?rest_route=\/wp\/v2\/posts\/61353\/revisions"}],"wp:attachment":[{"href":"https:\/\/masquenoticiastucuman.com.ar\/index.php?rest_route=%2Fwp%2Fv2%2Fmedia&parent=61353"}],"wp:term":[{"taxonomy":"category","embeddable":true,"href":"https:\/\/masquenoticiastucuman.com.ar\/index.php?rest_route=%2Fwp%2Fv2%2Fcategories&post=61353"},{"taxonomy":"post_tag","embeddable":true,"href":"https:\/\/masquenoticiastucuman.com.ar\/index.php?rest_route=%2Fwp%2Fv2%2Ftags&post=61353"}],"curies":[{"name":"wp","href":"https:\/\/api.w.org\/{rel}","templated":true}]}}