{"id":61354,"date":"2026-04-25T23:47:14","date_gmt":"2026-04-26T02:47:14","guid":{"rendered":"http:\/\/masquenoticiastucuman.com.ar\/?p=61354"},"modified":"2026-04-25T23:47:14","modified_gmt":"2026-04-26T02:47:14","slug":"que-se-sabe-sobre-el-tirador-que-intento-atacar-a-donald-trump-en-la-cena-de-corresponsales","status":"publish","type":"post","link":"https:\/\/masquenoticiastucuman.com.ar\/?p=61354","title":{"rendered":"Qu\u00e9 se sabe sobre el tirador que intent\u00f3 atacar a Donald Trump en la cena de corresponsales"},"content":{"rendered":"<ul>\n<li>El presidente de Estados Unidos comparti\u00f3 una foto del sospechoso, tirado en el suelo tras su detenci\u00f3n.<\/li>\n<li>Es un hombre de 31 a\u00f1os, armado con un fusil y cartuchos colgando del cuerpo. Es de California.<\/li>\n<li>El video que muestra su ingreso corriendo por el pasillo del Washington Hilton Hotel.<\/li>\n<\/ul>\n<p>\u200bEl presidente de Estados Unidos comparti\u00f3 una foto del sospechoso, tirado en el suelo tras su detenci\u00f3n.Es un hombre de 31 a\u00f1os, armado con un fusil y cartuchos colgando del cuerpo. Es de California.El video que muestra su ingreso corriendo por el pasillo del Washington Hilton Hotel.\u00a0<a href=\"https:\/\/www.clarin.com\/mundo\/sabe-tirador-atentado-donald-trump-cena-corresponsales_0_3jbdJb8jxt.html\" target=\"_blank\" class=\"feedzy-rss-link-icon\">Read More<\/a><\/p>","protected":false},"excerpt":{"rendered":"<p>El presidente de Estados Unidos comparti\u00f3 una foto del sospechoso, tirado en el suelo tras&#8230;<\/p>\n","protected":false},"author":1,"featured_media":61355,"comment_status":"open","ping_status":"open","sticky":false,"template":"","format":"standard","meta":{"footnotes":""},"categories":[4],"tags":[],"class_list":["post-61354","post","type-post","status-publish","format-standard","has-post-thumbnail","hentry","category-internacionales"],"_links":{"self":[{"href":"https:\/\/masquenoticiastucuman.com.ar\/index.php?rest_route=\/wp\/v2\/posts\/61354","targetHints":{"allow":["GET"]}}],"collection":[{"href":"https:\/\/masquenoticiastucuman.com.ar\/index.php?rest_route=\/wp\/v2\/posts"}],"about":[{"href":"https:\/\/masquenoticiastucuman.com.ar\/index.php?rest_route=\/wp\/v2\/types\/post"}],"author":[{"embeddable":true,"href":"https:\/\/masquenoticiastucuman.com.ar\/index.php?rest_route=\/wp\/v2\/users\/1"}],"replies":[{"embeddable":true,"href":"https:\/\/masquenoticiastucuman.com.ar\/index.php?rest_route=%2Fwp%2Fv2%2Fcomments&post=61354"}],"version-history":[{"count":0,"href":"https:\/\/masquenoticiastucuman.com.ar\/index.php?rest_route=\/wp\/v2\/posts\/61354\/revisions"}],"wp:featuredmedia":[{"embeddable":true,"href":"https:\/\/masquenoticiastucuman.com.ar\/index.php?rest_route=\/wp\/v2\/media\/61355"}],"wp:attachment":[{"href":"https:\/\/masquenoticiastucuman.com.ar\/index.php?rest_route=%2Fwp%2Fv2%2Fmedia&parent=61354"}],"wp:term":[{"taxonomy":"category","embeddable":true,"href":"https:\/\/masquenoticiastucuman.com.ar\/index.php?rest_route=%2Fwp%2Fv2%2Fcategories&post=61354"},{"taxonomy":"post_tag","embeddable":true,"href":"https:\/\/masquenoticiastucuman.com.ar\/index.php?rest_route=%2Fwp%2Fv2%2Ftags&post=61354"}],"curies":[{"name":"wp","href":"https:\/\/api.w.org\/{rel}","templated":true}]}}