{"id":61356,"date":"2026-04-25T23:38:25","date_gmt":"2026-04-26T02:38:25","guid":{"rendered":"http:\/\/masquenoticiastucuman.com.ar\/?p=61356"},"modified":"2026-04-25T23:38:25","modified_gmt":"2026-04-26T02:38:25","slug":"que-dijo-donald-trump-en-conferencia-de-prensa-tras-el-intento-de-magnicidio","status":"publish","type":"post","link":"https:\/\/masquenoticiastucuman.com.ar\/?p=61356","title":{"rendered":"Qu\u00e9 dijo Donald Trump en conferencia de prensa tras el intento de magnicidio"},"content":{"rendered":"<ul>\n<li>Habl\u00f3 desde un atril en la Casa Blanca, a donde lleg\u00f3 tras ser evacuado desde el hotel Hilton de Washington.<\/li>\n<li>Defini\u00f3 al atacante como una persona &#8220;muy enferma&#8221;.<\/li>\n<li>Afirm\u00f3 que un agente recibi\u00f3 un disparo pero lo salv\u00f3 su chaleco antibalas.<\/li>\n<\/ul>\n<p>\u200bHabl\u00f3 desde un atril en la Casa Blanca, a donde lleg\u00f3 tras ser evacuado desde el hotel Hilton de Washington.Defini\u00f3 al atacante como una persona &#8220;muy enferma&#8221;.Afirm\u00f3 que un agente recibi\u00f3 un disparo pero lo salv\u00f3 su chaleco antibalas.\u00a0<a href=\"https:\/\/www.clarin.com\/mundo\/dijo-donald-trump-conferencia-prensa-intento-magnicidio_0_toKncB5Y2z.html\" target=\"_blank\" class=\"feedzy-rss-link-icon\">Read More<\/a><\/p>","protected":false},"excerpt":{"rendered":"<p>Habl\u00f3 desde un atril en la Casa Blanca, a donde lleg\u00f3 tras ser evacuado desde&#8230;<\/p>\n","protected":false},"author":1,"featured_media":61357,"comment_status":"open","ping_status":"open","sticky":false,"template":"","format":"standard","meta":{"footnotes":""},"categories":[4],"tags":[],"class_list":["post-61356","post","type-post","status-publish","format-standard","has-post-thumbnail","hentry","category-internacionales"],"_links":{"self":[{"href":"https:\/\/masquenoticiastucuman.com.ar\/index.php?rest_route=\/wp\/v2\/posts\/61356","targetHints":{"allow":["GET"]}}],"collection":[{"href":"https:\/\/masquenoticiastucuman.com.ar\/index.php?rest_route=\/wp\/v2\/posts"}],"about":[{"href":"https:\/\/masquenoticiastucuman.com.ar\/index.php?rest_route=\/wp\/v2\/types\/post"}],"author":[{"embeddable":true,"href":"https:\/\/masquenoticiastucuman.com.ar\/index.php?rest_route=\/wp\/v2\/users\/1"}],"replies":[{"embeddable":true,"href":"https:\/\/masquenoticiastucuman.com.ar\/index.php?rest_route=%2Fwp%2Fv2%2Fcomments&post=61356"}],"version-history":[{"count":0,"href":"https:\/\/masquenoticiastucuman.com.ar\/index.php?rest_route=\/wp\/v2\/posts\/61356\/revisions"}],"wp:featuredmedia":[{"embeddable":true,"href":"https:\/\/masquenoticiastucuman.com.ar\/index.php?rest_route=\/wp\/v2\/media\/61357"}],"wp:attachment":[{"href":"https:\/\/masquenoticiastucuman.com.ar\/index.php?rest_route=%2Fwp%2Fv2%2Fmedia&parent=61356"}],"wp:term":[{"taxonomy":"category","embeddable":true,"href":"https:\/\/masquenoticiastucuman.com.ar\/index.php?rest_route=%2Fwp%2Fv2%2Fcategories&post=61356"},{"taxonomy":"post_tag","embeddable":true,"href":"https:\/\/masquenoticiastucuman.com.ar\/index.php?rest_route=%2Fwp%2Fv2%2Ftags&post=61356"}],"curies":[{"name":"wp","href":"https:\/\/api.w.org\/{rel}","templated":true}]}}