{"id":61358,"date":"2026-04-26T00:01:02","date_gmt":"2026-04-26T03:01:02","guid":{"rendered":"http:\/\/masquenoticiastucuman.com.ar\/?p=61358"},"modified":"2026-04-26T00:01:02","modified_gmt":"2026-04-26T03:01:02","slug":"a-que-hora-se-estrena-el-capitulo-3-de-euphoria-temporada-3-en-hbo-max-horarios-confirmados-por-pais-este-domingo-26-de-abril","status":"publish","type":"post","link":"https:\/\/masquenoticiastucuman.com.ar\/?p=61358","title":{"rendered":"\u00bfA qu\u00e9 hora se estrena el cap\u00edtulo 3 de Euphoria &#8211; Temporada 3 en HBO Max? Horarios confirmados por pa\u00eds este domingo 26 de abril"},"content":{"rendered":"<ul>\n<li>Euphoria est\u00e1 devuelta y este fin de semana se estrena el tercer cap\u00edtulo de la tercera temporada.<\/li>\n<li>El nuevo episodio se titula &#8220;The Ballad of Paladin&#8221;.<\/li>\n<li>Repasa los horarios exactos por pa\u00eds, el calendario de los 8 episodios y los giros m\u00e1s pol\u00e9micos de la serie.<\/li>\n<\/ul>\n<p>\u200bEuphoria est\u00e1 devuelta y este fin de semana se estrena el tercer cap\u00edtulo de la tercera temporada.El nuevo episodio se titula &#8220;The Ballad of Paladin&#8221;.Repasa los horarios exactos por pa\u00eds, el calendario de los 8 episodios y los giros m\u00e1s pol\u00e9micos de la serie.\u00a0<a href=\"https:\/\/www.clarin.com\/estados-unidos\/hora-estrena-capitulo-3-euphoria-temporada-3-hbo-max-horarios-confirmados-pais-domingo-26-abril_0_JardtOME5f.html\" target=\"_blank\" class=\"feedzy-rss-link-icon\">Read More<\/a><\/p>","protected":false},"excerpt":{"rendered":"<p>Euphoria est\u00e1 devuelta y este fin de semana se estrena el tercer cap\u00edtulo de la&#8230;<\/p>\n","protected":false},"author":1,"featured_media":0,"comment_status":"open","ping_status":"open","sticky":false,"template":"","format":"standard","meta":{"footnotes":""},"categories":[5],"tags":[],"class_list":["post-61358","post","type-post","status-publish","format-standard","has-post-thumbnail","hentry","category-espectaculo"],"_links":{"self":[{"href":"https:\/\/masquenoticiastucuman.com.ar\/index.php?rest_route=\/wp\/v2\/posts\/61358","targetHints":{"allow":["GET"]}}],"collection":[{"href":"https:\/\/masquenoticiastucuman.com.ar\/index.php?rest_route=\/wp\/v2\/posts"}],"about":[{"href":"https:\/\/masquenoticiastucuman.com.ar\/index.php?rest_route=\/wp\/v2\/types\/post"}],"author":[{"embeddable":true,"href":"https:\/\/masquenoticiastucuman.com.ar\/index.php?rest_route=\/wp\/v2\/users\/1"}],"replies":[{"embeddable":true,"href":"https:\/\/masquenoticiastucuman.com.ar\/index.php?rest_route=%2Fwp%2Fv2%2Fcomments&post=61358"}],"version-history":[{"count":0,"href":"https:\/\/masquenoticiastucuman.com.ar\/index.php?rest_route=\/wp\/v2\/posts\/61358\/revisions"}],"wp:attachment":[{"href":"https:\/\/masquenoticiastucuman.com.ar\/index.php?rest_route=%2Fwp%2Fv2%2Fmedia&parent=61358"}],"wp:term":[{"taxonomy":"category","embeddable":true,"href":"https:\/\/masquenoticiastucuman.com.ar\/index.php?rest_route=%2Fwp%2Fv2%2Fcategories&post=61358"},{"taxonomy":"post_tag","embeddable":true,"href":"https:\/\/masquenoticiastucuman.com.ar\/index.php?rest_route=%2Fwp%2Fv2%2Ftags&post=61358"}],"curies":[{"name":"wp","href":"https:\/\/api.w.org\/{rel}","templated":true}]}}