{"id":61360,"date":"2026-04-26T00:25:11","date_gmt":"2026-04-26T03:25:11","guid":{"rendered":"http:\/\/masquenoticiastucuman.com.ar\/?p=61360"},"modified":"2026-04-26T00:25:11","modified_gmt":"2026-04-26T03:25:11","slug":"river-le-gano-a-aldosivi-con-justicia-pero-tambien-con-polemica-en-el-monumental-en-una-noche-que-sigue-dejando-senales-de-alarma","status":"publish","type":"post","link":"https:\/\/masquenoticiastucuman.com.ar\/?p=61360","title":{"rendered":"River le gan\u00f3 a Aldosivi con justicia pero tambi\u00e9n con pol\u00e9mica en el Monumental, en una noche que sigue dejando se\u00f1ales de alarma"},"content":{"rendered":"<ul>\n<li>El equipo del Chacho necesit\u00f3 de un gui\u00f1o del VAR para abrir el marcador a trav\u00e9s de Galoppo.<\/li>\n<li>En la segunda mitad lo sorprendi\u00f3 el empate del Tibur\u00f3n pero empuj\u00f3 y lleg\u00f3 a la victoria.<\/li>\n<li>El Monumental cant\u00f3 &#8220;Movete&#8230;&#8221; y termin\u00f3 festejando tras el cachetazo del Supercl\u00e1sico.<\/li>\n<\/ul>\n<p>\u200bEl equipo del Chacho necesit\u00f3 de un gui\u00f1o del VAR para abrir el marcador a trav\u00e9s de Galoppo.En la segunda mitad lo sorprendi\u00f3 el empate del Tibur\u00f3n pero empuj\u00f3 y lleg\u00f3 a la victoria.El Monumental cant\u00f3 &#8220;Movete&#8230;&#8221; y termin\u00f3 festejando tras el cachetazo del Supercl\u00e1sico.\u00a0<a href=\"https:\/\/www.clarin.com\/deportes\/river-gano-aldosivi-justicia-polemica-monumental-noche-sigue-dejando-senales-alarma_0_Am0WPKieev.html\" target=\"_blank\" class=\"feedzy-rss-link-icon\">Read More<\/a><\/p>","protected":false},"excerpt":{"rendered":"<p>El equipo del Chacho necesit\u00f3 de un gui\u00f1o del VAR para abrir el marcador a&#8230;<\/p>\n","protected":false},"author":1,"featured_media":0,"comment_status":"open","ping_status":"open","sticky":false,"template":"","format":"standard","meta":{"footnotes":""},"categories":[6],"tags":[],"class_list":["post-61360","post","type-post","status-publish","format-standard","has-post-thumbnail","hentry","category-deportes"],"_links":{"self":[{"href":"https:\/\/masquenoticiastucuman.com.ar\/index.php?rest_route=\/wp\/v2\/posts\/61360","targetHints":{"allow":["GET"]}}],"collection":[{"href":"https:\/\/masquenoticiastucuman.com.ar\/index.php?rest_route=\/wp\/v2\/posts"}],"about":[{"href":"https:\/\/masquenoticiastucuman.com.ar\/index.php?rest_route=\/wp\/v2\/types\/post"}],"author":[{"embeddable":true,"href":"https:\/\/masquenoticiastucuman.com.ar\/index.php?rest_route=\/wp\/v2\/users\/1"}],"replies":[{"embeddable":true,"href":"https:\/\/masquenoticiastucuman.com.ar\/index.php?rest_route=%2Fwp%2Fv2%2Fcomments&post=61360"}],"version-history":[{"count":0,"href":"https:\/\/masquenoticiastucuman.com.ar\/index.php?rest_route=\/wp\/v2\/posts\/61360\/revisions"}],"wp:attachment":[{"href":"https:\/\/masquenoticiastucuman.com.ar\/index.php?rest_route=%2Fwp%2Fv2%2Fmedia&parent=61360"}],"wp:term":[{"taxonomy":"category","embeddable":true,"href":"https:\/\/masquenoticiastucuman.com.ar\/index.php?rest_route=%2Fwp%2Fv2%2Fcategories&post=61360"},{"taxonomy":"post_tag","embeddable":true,"href":"https:\/\/masquenoticiastucuman.com.ar\/index.php?rest_route=%2Fwp%2Fv2%2Ftags&post=61360"}],"curies":[{"name":"wp","href":"https:\/\/api.w.org\/{rel}","templated":true}]}}