{"id":61363,"date":"2026-04-26T03:26:19","date_gmt":"2026-04-26T06:26:19","guid":{"rendered":"http:\/\/masquenoticiastucuman.com.ar\/?p=61363"},"modified":"2026-04-26T03:26:19","modified_gmt":"2026-04-26T06:26:19","slug":"impactante-accidente-en-la-formula-3-metropolitana-cristian-galeano-dio-seis-tumbos-antes-de-terminar-contra-el-cesped","status":"publish","type":"post","link":"https:\/\/masquenoticiastucuman.com.ar\/?p=61363","title":{"rendered":"Impactante accidente en la F\u00f3rmula 3 Metropolitana: Cristian Galeano dio seis tumbos antes de terminar contra el c\u00e9sped"},"content":{"rendered":"<ul>\n<li>El piloto de 19 a\u00f1os protagoniz\u00f3 un incidente en la pista de La Plata y su auto vol\u00f3 por el aire. <\/li>\n<li>&#8220;La saqu\u00e9 bastante barata&#8221;, dijo el corredor tras salir ileso de la violenta colisi\u00f3n.<\/li>\n<\/ul>\n<p>\u200bEl piloto de 19 a\u00f1os protagoniz\u00f3 un incidente en la pista de La Plata y su auto vol\u00f3 por el aire. &#8220;La saqu\u00e9 bastante barata&#8221;, dijo el corredor tras salir ileso de la violenta colisi\u00f3n.\u00a0<a href=\"https:\/\/www.clarin.com\/deportes\/impactante-accidente-formula-3-metropolitana-cristian-galeano-dio-tumbos-terminar-cesped_0_djgADgo8wl.html\" target=\"_blank\" class=\"feedzy-rss-link-icon\">Read More<\/a><\/p>","protected":false},"excerpt":{"rendered":"<p>El piloto de 19 a\u00f1os protagoniz\u00f3 un incidente en la pista de La Plata y&#8230;<\/p>\n","protected":false},"author":1,"featured_media":0,"comment_status":"open","ping_status":"open","sticky":false,"template":"","format":"standard","meta":{"footnotes":""},"categories":[6],"tags":[],"class_list":["post-61363","post","type-post","status-publish","format-standard","has-post-thumbnail","hentry","category-deportes"],"_links":{"self":[{"href":"https:\/\/masquenoticiastucuman.com.ar\/index.php?rest_route=\/wp\/v2\/posts\/61363","targetHints":{"allow":["GET"]}}],"collection":[{"href":"https:\/\/masquenoticiastucuman.com.ar\/index.php?rest_route=\/wp\/v2\/posts"}],"about":[{"href":"https:\/\/masquenoticiastucuman.com.ar\/index.php?rest_route=\/wp\/v2\/types\/post"}],"author":[{"embeddable":true,"href":"https:\/\/masquenoticiastucuman.com.ar\/index.php?rest_route=\/wp\/v2\/users\/1"}],"replies":[{"embeddable":true,"href":"https:\/\/masquenoticiastucuman.com.ar\/index.php?rest_route=%2Fwp%2Fv2%2Fcomments&post=61363"}],"version-history":[{"count":0,"href":"https:\/\/masquenoticiastucuman.com.ar\/index.php?rest_route=\/wp\/v2\/posts\/61363\/revisions"}],"wp:attachment":[{"href":"https:\/\/masquenoticiastucuman.com.ar\/index.php?rest_route=%2Fwp%2Fv2%2Fmedia&parent=61363"}],"wp:term":[{"taxonomy":"category","embeddable":true,"href":"https:\/\/masquenoticiastucuman.com.ar\/index.php?rest_route=%2Fwp%2Fv2%2Fcategories&post=61363"},{"taxonomy":"post_tag","embeddable":true,"href":"https:\/\/masquenoticiastucuman.com.ar\/index.php?rest_route=%2Fwp%2Fv2%2Ftags&post=61363"}],"curies":[{"name":"wp","href":"https:\/\/api.w.org\/{rel}","templated":true}]}}