{"id":61364,"date":"2026-04-26T06:01:12","date_gmt":"2026-04-26T09:01:12","guid":{"rendered":"http:\/\/masquenoticiastucuman.com.ar\/?p=61364"},"modified":"2026-04-26T06:01:12","modified_gmt":"2026-04-26T09:01:12","slug":"inercia-precios-relativos-y-demanda-de-dinero-anatomia-de-una-pausa-desinflacionaria","status":"publish","type":"post","link":"https:\/\/masquenoticiastucuman.com.ar\/?p=61364","title":{"rendered":"Inercia, precios relativos y demanda de dinero: anatom\u00eda de una pausa desinflacionaria"},"content":{"rendered":"<p>La inflaci\u00f3n no baja y los motivos hay que rastrearlos al menos desde mediados del a\u00f1o pasado. Pero no hay una reversi\u00f3n del proceso de baja, que podr\u00eda volver al 2% mensual en el segundo semestre. <\/p>\n<p>\u200bLa inflaci\u00f3n no baja y los motivos hay que rastrearlos al menos desde mediados del a\u00f1o pasado. Pero no hay una reversi\u00f3n del proceso de baja, que podr\u00eda volver al 2% mensual en el segundo semestre.\u00a0<a href=\"https:\/\/www.clarin.com\/economia\/inercia-precios-relativos-demanda-dinero-anatomia-pausa-desinflacionaria_0_gRVLzSbNx5.html\" target=\"_blank\" class=\"feedzy-rss-link-icon\">Read More<\/a><\/p>","protected":false},"excerpt":{"rendered":"<p>La inflaci\u00f3n no baja y los motivos hay que rastrearlos al menos desde mediados del&#8230;<\/p>\n","protected":false},"author":1,"featured_media":0,"comment_status":"open","ping_status":"open","sticky":false,"template":"","format":"standard","meta":{"footnotes":""},"categories":[3],"tags":[],"class_list":["post-61364","post","type-post","status-publish","format-standard","has-post-thumbnail","hentry","category-nacionales"],"_links":{"self":[{"href":"https:\/\/masquenoticiastucuman.com.ar\/index.php?rest_route=\/wp\/v2\/posts\/61364","targetHints":{"allow":["GET"]}}],"collection":[{"href":"https:\/\/masquenoticiastucuman.com.ar\/index.php?rest_route=\/wp\/v2\/posts"}],"about":[{"href":"https:\/\/masquenoticiastucuman.com.ar\/index.php?rest_route=\/wp\/v2\/types\/post"}],"author":[{"embeddable":true,"href":"https:\/\/masquenoticiastucuman.com.ar\/index.php?rest_route=\/wp\/v2\/users\/1"}],"replies":[{"embeddable":true,"href":"https:\/\/masquenoticiastucuman.com.ar\/index.php?rest_route=%2Fwp%2Fv2%2Fcomments&post=61364"}],"version-history":[{"count":0,"href":"https:\/\/masquenoticiastucuman.com.ar\/index.php?rest_route=\/wp\/v2\/posts\/61364\/revisions"}],"wp:attachment":[{"href":"https:\/\/masquenoticiastucuman.com.ar\/index.php?rest_route=%2Fwp%2Fv2%2Fmedia&parent=61364"}],"wp:term":[{"taxonomy":"category","embeddable":true,"href":"https:\/\/masquenoticiastucuman.com.ar\/index.php?rest_route=%2Fwp%2Fv2%2Fcategories&post=61364"},{"taxonomy":"post_tag","embeddable":true,"href":"https:\/\/masquenoticiastucuman.com.ar\/index.php?rest_route=%2Fwp%2Fv2%2Ftags&post=61364"}],"curies":[{"name":"wp","href":"https:\/\/api.w.org\/{rel}","templated":true}]}}