{"id":61366,"date":"2026-04-26T05:01:04","date_gmt":"2026-04-26T08:01:04","guid":{"rendered":"http:\/\/masquenoticiastucuman.com.ar\/?p=61366"},"modified":"2026-04-26T05:01:04","modified_gmt":"2026-04-26T08:01:04","slug":"masters-1000-de-madrid-en-vivo-tomas-etcheverry-vs-dino-prizmic-solana-sierra-sinner-thiago-tirante-y-joao-fonseca","status":"publish","type":"post","link":"https:\/\/masquenoticiastucuman.com.ar\/?p=61366","title":{"rendered":"Masters 1000 de Madrid, EN VIVO: Tom\u00e1s Etcheverry vs Dino Prizmic, Solana Sierra, Sinner, Thiago Tirante y Joao Fonseca"},"content":{"rendered":"<ul>\n<li>Bien temprano, el de La Plata enfrenta al croata en busca de los octavos de final.<\/li>\n<li>La jornada tendr\u00e1 una nueva presentaci\u00f3n del 1 del mundo, ante Elmer Moller.<\/li>\n<li>Thiago Tirante quiere seguir so\u00f1ando despierto: enfrenta al brit\u00e1nico Cameron Norrie.<\/li>\n<\/ul>\n<p>\u200bBien temprano, el de La Plata enfrenta al croata en busca de los octavos de final.La jornada tendr\u00e1 una nueva presentaci\u00f3n del 1 del mundo, ante Elmer Moller.Thiago Tirante quiere seguir so\u00f1ando despierto: enfrenta al brit\u00e1nico Cameron Norrie.\u00a0<a href=\"https:\/\/www.clarin.com\/deportes\/masters-1000-madrid-vivo-tomas-etcheverry-vs-dino-prizmic-solana-sierra-sinner-thiago-tirante-joao-fonseca_0_HLNGzpSNjS.html\" target=\"_blank\" class=\"feedzy-rss-link-icon\">Read More<\/a><\/p>","protected":false},"excerpt":{"rendered":"<p>Bien temprano, el de La Plata enfrenta al croata en busca de los octavos de&#8230;<\/p>\n","protected":false},"author":1,"featured_media":0,"comment_status":"open","ping_status":"open","sticky":false,"template":"","format":"standard","meta":{"footnotes":""},"categories":[6],"tags":[],"class_list":["post-61366","post","type-post","status-publish","format-standard","has-post-thumbnail","hentry","category-deportes"],"_links":{"self":[{"href":"https:\/\/masquenoticiastucuman.com.ar\/index.php?rest_route=\/wp\/v2\/posts\/61366","targetHints":{"allow":["GET"]}}],"collection":[{"href":"https:\/\/masquenoticiastucuman.com.ar\/index.php?rest_route=\/wp\/v2\/posts"}],"about":[{"href":"https:\/\/masquenoticiastucuman.com.ar\/index.php?rest_route=\/wp\/v2\/types\/post"}],"author":[{"embeddable":true,"href":"https:\/\/masquenoticiastucuman.com.ar\/index.php?rest_route=\/wp\/v2\/users\/1"}],"replies":[{"embeddable":true,"href":"https:\/\/masquenoticiastucuman.com.ar\/index.php?rest_route=%2Fwp%2Fv2%2Fcomments&post=61366"}],"version-history":[{"count":0,"href":"https:\/\/masquenoticiastucuman.com.ar\/index.php?rest_route=\/wp\/v2\/posts\/61366\/revisions"}],"wp:attachment":[{"href":"https:\/\/masquenoticiastucuman.com.ar\/index.php?rest_route=%2Fwp%2Fv2%2Fmedia&parent=61366"}],"wp:term":[{"taxonomy":"category","embeddable":true,"href":"https:\/\/masquenoticiastucuman.com.ar\/index.php?rest_route=%2Fwp%2Fv2%2Fcategories&post=61366"},{"taxonomy":"post_tag","embeddable":true,"href":"https:\/\/masquenoticiastucuman.com.ar\/index.php?rest_route=%2Fwp%2Fv2%2Ftags&post=61366"}],"curies":[{"name":"wp","href":"https:\/\/api.w.org\/{rel}","templated":true}]}}