{"id":61371,"date":"2026-04-26T06:01:12","date_gmt":"2026-04-26T09:01:12","guid":{"rendered":"http:\/\/masquenoticiastucuman.com.ar\/?p=61371"},"modified":"2026-04-26T06:01:12","modified_gmt":"2026-04-26T09:01:12","slug":"franco-colapinto-en-palermo-en-vivo-horarios-cortes-como-llegar-y-ubicaciones-gratuitas-para-ver-el-road-show-de-la-formula-1","status":"publish","type":"post","link":"https:\/\/masquenoticiastucuman.com.ar\/?p=61371","title":{"rendered":"Franco Colapinto en Palermo, EN VIVO: horarios, cortes, c\u00f3mo llegar y ubicaciones gratuitas para ver el road show de la F\u00f3rmula 1"},"content":{"rendered":"<ul>\n<li>Todos los detalles del evento y cu\u00e1les son las calles por las que andar\u00e1 el piloto de Alpine.<\/li>\n<li>Cu\u00e1ntas veces saldr\u00e1 a correr y qu\u00e9 autos mostrar\u00e1 para los fan\u00e1ticos argentinos de la F1.<\/li>\n<li>Se espera que m\u00e1s de medio mill\u00f3n de personas se acerque a verlo en Buenos Aires.<\/li>\n<\/ul>\n<p>\u200bTodos los detalles del evento y cu\u00e1les son las calles por las que andar\u00e1 el piloto de Alpine.Cu\u00e1ntas veces saldr\u00e1 a correr y qu\u00e9 autos mostrar\u00e1 para los fan\u00e1ticos argentinos de la F1.Se espera que m\u00e1s de medio mill\u00f3n de personas se acerque a verlo en Buenos Aires.\u00a0<a href=\"https:\/\/www.clarin.com\/deportes\/franco-colapinto-palermo-vivo-horarios-cortes-llegar-ubicaciones-gratuitas-ver-road-show-formula-1_0_PUwq5AMbQP.html\" target=\"_blank\" class=\"feedzy-rss-link-icon\">Read More<\/a><\/p>","protected":false},"excerpt":{"rendered":"<p>Todos los detalles del evento y cu\u00e1les son las calles por las que andar\u00e1 el&#8230;<\/p>\n","protected":false},"author":1,"featured_media":0,"comment_status":"open","ping_status":"open","sticky":false,"template":"","format":"standard","meta":{"footnotes":""},"categories":[6],"tags":[],"class_list":["post-61371","post","type-post","status-publish","format-standard","has-post-thumbnail","hentry","category-deportes"],"_links":{"self":[{"href":"https:\/\/masquenoticiastucuman.com.ar\/index.php?rest_route=\/wp\/v2\/posts\/61371","targetHints":{"allow":["GET"]}}],"collection":[{"href":"https:\/\/masquenoticiastucuman.com.ar\/index.php?rest_route=\/wp\/v2\/posts"}],"about":[{"href":"https:\/\/masquenoticiastucuman.com.ar\/index.php?rest_route=\/wp\/v2\/types\/post"}],"author":[{"embeddable":true,"href":"https:\/\/masquenoticiastucuman.com.ar\/index.php?rest_route=\/wp\/v2\/users\/1"}],"replies":[{"embeddable":true,"href":"https:\/\/masquenoticiastucuman.com.ar\/index.php?rest_route=%2Fwp%2Fv2%2Fcomments&post=61371"}],"version-history":[{"count":0,"href":"https:\/\/masquenoticiastucuman.com.ar\/index.php?rest_route=\/wp\/v2\/posts\/61371\/revisions"}],"wp:attachment":[{"href":"https:\/\/masquenoticiastucuman.com.ar\/index.php?rest_route=%2Fwp%2Fv2%2Fmedia&parent=61371"}],"wp:term":[{"taxonomy":"category","embeddable":true,"href":"https:\/\/masquenoticiastucuman.com.ar\/index.php?rest_route=%2Fwp%2Fv2%2Fcategories&post=61371"},{"taxonomy":"post_tag","embeddable":true,"href":"https:\/\/masquenoticiastucuman.com.ar\/index.php?rest_route=%2Fwp%2Fv2%2Ftags&post=61371"}],"curies":[{"name":"wp","href":"https:\/\/api.w.org\/{rel}","templated":true}]}}