{"id":61372,"date":"2026-04-26T06:01:10","date_gmt":"2026-04-26T09:01:10","guid":{"rendered":"http:\/\/masquenoticiastucuman.com.ar\/?p=61372"},"modified":"2026-04-26T06:01:10","modified_gmt":"2026-04-26T09:01:10","slug":"argentina-1978-los-otros-15-de-menotti-historias-detras-de-la-lista-previa-al-mundial","status":"publish","type":"post","link":"https:\/\/masquenoticiastucuman.com.ar\/?p=61372","title":{"rendered":"Argentina 1978: los otros 15 de Menotti, historias detr\u00e1s de la lista previa al Mundial"},"content":{"rendered":"<ul>\n<li>Antes de los 22 campeones hubo un grupo clave en la construcci\u00f3n del equipo.<\/li>\n<li>Qui\u00e9nes eran y por qu\u00e9 el t\u00e9cnico los consideraba parte del proyecto.<\/li>\n<\/ul>\n<p>\u200bAntes de los 22 campeones hubo un grupo clave en la construcci\u00f3n del equipo.Qui\u00e9nes eran y por qu\u00e9 el t\u00e9cnico los consideraba parte del proyecto.\u00a0<a href=\"https:\/\/www.clarin.com\/deportes\/argentina-1978-15-menotti-historias-detras-lista-previa-mundial_0_IaSOHC7iqz.html\" target=\"_blank\" class=\"feedzy-rss-link-icon\">Read More<\/a><\/p>","protected":false},"excerpt":{"rendered":"<p>Antes de los 22 campeones hubo un grupo clave en la construcci\u00f3n del equipo. Qui\u00e9nes&#8230;<\/p>\n","protected":false},"author":1,"featured_media":0,"comment_status":"open","ping_status":"open","sticky":false,"template":"","format":"standard","meta":{"footnotes":""},"categories":[6],"tags":[],"class_list":["post-61372","post","type-post","status-publish","format-standard","has-post-thumbnail","hentry","category-deportes"],"_links":{"self":[{"href":"https:\/\/masquenoticiastucuman.com.ar\/index.php?rest_route=\/wp\/v2\/posts\/61372","targetHints":{"allow":["GET"]}}],"collection":[{"href":"https:\/\/masquenoticiastucuman.com.ar\/index.php?rest_route=\/wp\/v2\/posts"}],"about":[{"href":"https:\/\/masquenoticiastucuman.com.ar\/index.php?rest_route=\/wp\/v2\/types\/post"}],"author":[{"embeddable":true,"href":"https:\/\/masquenoticiastucuman.com.ar\/index.php?rest_route=\/wp\/v2\/users\/1"}],"replies":[{"embeddable":true,"href":"https:\/\/masquenoticiastucuman.com.ar\/index.php?rest_route=%2Fwp%2Fv2%2Fcomments&post=61372"}],"version-history":[{"count":0,"href":"https:\/\/masquenoticiastucuman.com.ar\/index.php?rest_route=\/wp\/v2\/posts\/61372\/revisions"}],"wp:attachment":[{"href":"https:\/\/masquenoticiastucuman.com.ar\/index.php?rest_route=%2Fwp%2Fv2%2Fmedia&parent=61372"}],"wp:term":[{"taxonomy":"category","embeddable":true,"href":"https:\/\/masquenoticiastucuman.com.ar\/index.php?rest_route=%2Fwp%2Fv2%2Fcategories&post=61372"},{"taxonomy":"post_tag","embeddable":true,"href":"https:\/\/masquenoticiastucuman.com.ar\/index.php?rest_route=%2Fwp%2Fv2%2Ftags&post=61372"}],"curies":[{"name":"wp","href":"https:\/\/api.w.org\/{rel}","templated":true}]}}