{"id":61373,"date":"2026-04-26T08:20:03","date_gmt":"2026-04-26T11:20:03","guid":{"rendered":"http:\/\/masquenoticiastucuman.com.ar\/?p=61373"},"modified":"2026-04-26T08:20:03","modified_gmt":"2026-04-26T11:20:03","slug":"historico-maraton-de-londres-sabastian-sawe-bajo-las-dos-horas-en-un-podio-con-otros-dos-atletas-que-mejoraron-el-record-mundial","status":"publish","type":"post","link":"https:\/\/masquenoticiastucuman.com.ar\/?p=61373","title":{"rendered":"Hist\u00f3rico Marat\u00f3n de Londres: Sabastian Sawe baj\u00f3 las dos horas en un podio con otros dos atletas que mejoraron el r\u00e9cord mundial"},"content":{"rendered":"<ul>\n<li>El keniata marc\u00f3 1 hora, 59 minutos y 30 segundos y pulveriz\u00f3 la marca que ten\u00eda Kelvin Kiptum.<\/li>\n<li>Entre las mujeres, la et\u00edope Tigst Assefa tambi\u00e9n consigui\u00f3 un r\u00e9cord.<\/li>\n<\/ul>\n<p>\u200bEl keniata marc\u00f3 1 hora, 59 minutos y 30 segundos y pulveriz\u00f3 la marca que ten\u00eda Kelvin Kiptum.Entre las mujeres, la et\u00edope Tigst Assefa tambi\u00e9n consigui\u00f3 un r\u00e9cord.\u00a0<a href=\"https:\/\/www.clarin.com\/deportes\/maraton-londres-records-mundiales-barrera-historica-superada-keniata-sebastian-sawe-corrio-debajo-horas_0_darCUTViAt.html\" target=\"_blank\" class=\"feedzy-rss-link-icon\">Read More<\/a><\/p>","protected":false},"excerpt":{"rendered":"<p>El keniata marc\u00f3 1 hora, 59 minutos y 30 segundos y pulveriz\u00f3 la marca que&#8230;<\/p>\n","protected":false},"author":1,"featured_media":0,"comment_status":"open","ping_status":"open","sticky":false,"template":"","format":"standard","meta":{"footnotes":""},"categories":[6],"tags":[],"class_list":["post-61373","post","type-post","status-publish","format-standard","has-post-thumbnail","hentry","category-deportes"],"_links":{"self":[{"href":"https:\/\/masquenoticiastucuman.com.ar\/index.php?rest_route=\/wp\/v2\/posts\/61373","targetHints":{"allow":["GET"]}}],"collection":[{"href":"https:\/\/masquenoticiastucuman.com.ar\/index.php?rest_route=\/wp\/v2\/posts"}],"about":[{"href":"https:\/\/masquenoticiastucuman.com.ar\/index.php?rest_route=\/wp\/v2\/types\/post"}],"author":[{"embeddable":true,"href":"https:\/\/masquenoticiastucuman.com.ar\/index.php?rest_route=\/wp\/v2\/users\/1"}],"replies":[{"embeddable":true,"href":"https:\/\/masquenoticiastucuman.com.ar\/index.php?rest_route=%2Fwp%2Fv2%2Fcomments&post=61373"}],"version-history":[{"count":0,"href":"https:\/\/masquenoticiastucuman.com.ar\/index.php?rest_route=\/wp\/v2\/posts\/61373\/revisions"}],"wp:attachment":[{"href":"https:\/\/masquenoticiastucuman.com.ar\/index.php?rest_route=%2Fwp%2Fv2%2Fmedia&parent=61373"}],"wp:term":[{"taxonomy":"category","embeddable":true,"href":"https:\/\/masquenoticiastucuman.com.ar\/index.php?rest_route=%2Fwp%2Fv2%2Fcategories&post=61373"},{"taxonomy":"post_tag","embeddable":true,"href":"https:\/\/masquenoticiastucuman.com.ar\/index.php?rest_route=%2Fwp%2Fv2%2Ftags&post=61373"}],"curies":[{"name":"wp","href":"https:\/\/api.w.org\/{rel}","templated":true}]}}