{"id":61374,"date":"2026-04-26T10:17:53","date_gmt":"2026-04-26T13:17:53","guid":{"rendered":"http:\/\/masquenoticiastucuman.com.ar\/?p=61374"},"modified":"2026-04-26T10:17:53","modified_gmt":"2026-04-26T13:17:53","slug":"primeras-pericias-cole-tomas-allen-cruzo-los-ee-uu-en-tren-para-atacar-a-trump-y-se-hospedo-en-el-hotel-de-la-gala-en-washington","status":"publish","type":"post","link":"https:\/\/masquenoticiastucuman.com.ar\/?p=61374","title":{"rendered":"Primeras pericias: Cole Tomas Allen cruz\u00f3 los EE.UU. en tren para atacar a Trump y se hosped\u00f3 en el hotel de la gala en Washington"},"content":{"rendered":"<ul>\n<li>El tirador de 31 a\u00f1os fue primero de California a Chicago, y de all\u00ed a Washington.<\/li>\n<li>El an\u00e1lisis preliminar de sus equipos electr\u00f3nicos arroj\u00f3 que su objetivo eran los funcionarios presentes, incluido Trump.<\/li>\n<li>Creen que las armas fueron compradas en los \u00faltimos dos a\u00f1os.<\/li>\n<\/ul>\n<p>\u200bEl tirador de 31 a\u00f1os fue primero de California a Chicago, y de all\u00ed a Washington.El an\u00e1lisis preliminar de sus equipos electr\u00f3nicos arroj\u00f3 que su objetivo eran los funcionarios presentes, incluido Trump.Creen que las armas fueron compradas en los \u00faltimos dos a\u00f1os.\u00a0<a href=\"https:\/\/www.clarin.com\/mundo\/primeras-pericias-ataque-trump-cole-tomas-allen-cruzo-estados-unidos-tren-concretar-ataque-hospedo-hotel-gala_0_2FWzWVuKRf.html\" target=\"_blank\" class=\"feedzy-rss-link-icon\">Read More<\/a><\/p>","protected":false},"excerpt":{"rendered":"<p>El tirador de 31 a\u00f1os fue primero de California a Chicago, y de all\u00ed a&#8230;<\/p>\n","protected":false},"author":1,"featured_media":61375,"comment_status":"open","ping_status":"open","sticky":false,"template":"","format":"standard","meta":{"footnotes":""},"categories":[4],"tags":[],"class_list":["post-61374","post","type-post","status-publish","format-standard","has-post-thumbnail","hentry","category-internacionales"],"_links":{"self":[{"href":"https:\/\/masquenoticiastucuman.com.ar\/index.php?rest_route=\/wp\/v2\/posts\/61374","targetHints":{"allow":["GET"]}}],"collection":[{"href":"https:\/\/masquenoticiastucuman.com.ar\/index.php?rest_route=\/wp\/v2\/posts"}],"about":[{"href":"https:\/\/masquenoticiastucuman.com.ar\/index.php?rest_route=\/wp\/v2\/types\/post"}],"author":[{"embeddable":true,"href":"https:\/\/masquenoticiastucuman.com.ar\/index.php?rest_route=\/wp\/v2\/users\/1"}],"replies":[{"embeddable":true,"href":"https:\/\/masquenoticiastucuman.com.ar\/index.php?rest_route=%2Fwp%2Fv2%2Fcomments&post=61374"}],"version-history":[{"count":0,"href":"https:\/\/masquenoticiastucuman.com.ar\/index.php?rest_route=\/wp\/v2\/posts\/61374\/revisions"}],"wp:featuredmedia":[{"embeddable":true,"href":"https:\/\/masquenoticiastucuman.com.ar\/index.php?rest_route=\/wp\/v2\/media\/61375"}],"wp:attachment":[{"href":"https:\/\/masquenoticiastucuman.com.ar\/index.php?rest_route=%2Fwp%2Fv2%2Fmedia&parent=61374"}],"wp:term":[{"taxonomy":"category","embeddable":true,"href":"https:\/\/masquenoticiastucuman.com.ar\/index.php?rest_route=%2Fwp%2Fv2%2Fcategories&post=61374"},{"taxonomy":"post_tag","embeddable":true,"href":"https:\/\/masquenoticiastucuman.com.ar\/index.php?rest_route=%2Fwp%2Fv2%2Ftags&post=61374"}],"curies":[{"name":"wp","href":"https:\/\/api.w.org\/{rel}","templated":true}]}}