{"id":61378,"date":"2026-04-26T10:37:02","date_gmt":"2026-04-26T13:37:02","guid":{"rendered":"http:\/\/masquenoticiastucuman.com.ar\/?p=61378"},"modified":"2026-04-26T10:37:02","modified_gmt":"2026-04-26T13:37:02","slug":"a-que-hora-inicia-supernova-genesis-2026-hoy-y-donde-ver-en-vivo-cada-lucha","status":"publish","type":"post","link":"https:\/\/masquenoticiastucuman.com.ar\/?p=61378","title":{"rendered":"A qu\u00e9 hora inicia Supernova G\u00e9nesis 2026 hoy y d\u00f3nde ver en vivo cada lucha"},"content":{"rendered":"<ul>\n<li>Supernova G\u00e9nesis 2026 re\u00fane a creadores de contenido y celebridades en una velada que mezcla deporte, espect\u00e1culo y redes sociales.<\/li>\n<li>Desde la Arena CDMX, el evento ofrecer\u00e1 combates, m\u00fasica en vivo y una producci\u00f3n pensada para audiencias digitales.<\/li>\n<\/ul>\n<p>\u200bSupernova G\u00e9nesis 2026 re\u00fane a creadores de contenido y celebridades en una velada que mezcla deporte, espect\u00e1culo y redes sociales.Desde la Arena CDMX, el evento ofrecer\u00e1 combates, m\u00fasica en vivo y una producci\u00f3n pensada para audiencias digitales.\u00a0<a href=\"https:\/\/www.clarin.com\/deportes\/hora-inicia-supernova-genesis-2026-hoy-ver-vivo-lucha_0_ipScYA4qlw.html\" target=\"_blank\" class=\"feedzy-rss-link-icon\">Read More<\/a><\/p>","protected":false},"excerpt":{"rendered":"<p>Supernova G\u00e9nesis 2026 re\u00fane a creadores de contenido y celebridades en una velada que mezcla&#8230;<\/p>\n","protected":false},"author":1,"featured_media":0,"comment_status":"open","ping_status":"open","sticky":false,"template":"","format":"standard","meta":{"footnotes":""},"categories":[6],"tags":[],"class_list":["post-61378","post","type-post","status-publish","format-standard","has-post-thumbnail","hentry","category-deportes"],"_links":{"self":[{"href":"https:\/\/masquenoticiastucuman.com.ar\/index.php?rest_route=\/wp\/v2\/posts\/61378","targetHints":{"allow":["GET"]}}],"collection":[{"href":"https:\/\/masquenoticiastucuman.com.ar\/index.php?rest_route=\/wp\/v2\/posts"}],"about":[{"href":"https:\/\/masquenoticiastucuman.com.ar\/index.php?rest_route=\/wp\/v2\/types\/post"}],"author":[{"embeddable":true,"href":"https:\/\/masquenoticiastucuman.com.ar\/index.php?rest_route=\/wp\/v2\/users\/1"}],"replies":[{"embeddable":true,"href":"https:\/\/masquenoticiastucuman.com.ar\/index.php?rest_route=%2Fwp%2Fv2%2Fcomments&post=61378"}],"version-history":[{"count":0,"href":"https:\/\/masquenoticiastucuman.com.ar\/index.php?rest_route=\/wp\/v2\/posts\/61378\/revisions"}],"wp:attachment":[{"href":"https:\/\/masquenoticiastucuman.com.ar\/index.php?rest_route=%2Fwp%2Fv2%2Fmedia&parent=61378"}],"wp:term":[{"taxonomy":"category","embeddable":true,"href":"https:\/\/masquenoticiastucuman.com.ar\/index.php?rest_route=%2Fwp%2Fv2%2Fcategories&post=61378"},{"taxonomy":"post_tag","embeddable":true,"href":"https:\/\/masquenoticiastucuman.com.ar\/index.php?rest_route=%2Fwp%2Fv2%2Ftags&post=61378"}],"curies":[{"name":"wp","href":"https:\/\/api.w.org\/{rel}","templated":true}]}}