{"id":61379,"date":"2026-04-26T10:08:34","date_gmt":"2026-04-26T13:08:34","guid":{"rendered":"http:\/\/masquenoticiastucuman.com.ar\/?p=61379"},"modified":"2026-04-26T10:08:34","modified_gmt":"2026-04-26T13:08:34","slug":"de-maratonista-a-maratonista-gracias-sabastian-sawe-por-este-domingo-de-encanto-y-emocion-historica","status":"publish","type":"post","link":"https:\/\/masquenoticiastucuman.com.ar\/?p=61379","title":{"rendered":"De maratonista a maratonista: gracias, Sabastian Sawe, por este domingo de encanto y emoci\u00f3n hist\u00f3rica"},"content":{"rendered":"<ul>\n<li>Todo aquel que sabe lo que es plantarse ante la largada de un marat\u00f3n sabe que es una experiencia memorable.<\/li>\n<li>La haza\u00f1a deportiva del keniano es monumental: bati\u00f3 el r\u00e9cord mundial con 1h59m30.<\/li>\n<li>El ser humano demuestra una vez m\u00e1s la voluntad inquebrantable por conseguir desaf\u00edos.<\/li>\n<\/ul>\n<p>\u200bTodo aquel que sabe lo que es plantarse ante la largada de un marat\u00f3n sabe que es una experiencia memorable.La haza\u00f1a deportiva del keniano es monumental: bati\u00f3 el r\u00e9cord mundial con 1h59m30.El ser humano demuestra una vez m\u00e1s la voluntad inquebrantable por conseguir desaf\u00edos.\u00a0<a href=\"https:\/\/www.clarin.com\/deportes\/maratonista-maratonista-gracias-sabastian-sawe-domingo-encanto-emocion-historica_0_aPlLAKW4DB.html\" target=\"_blank\" class=\"feedzy-rss-link-icon\">Read More<\/a><\/p>","protected":false},"excerpt":{"rendered":"<p>Todo aquel que sabe lo que es plantarse ante la largada de un marat\u00f3n sabe&#8230;<\/p>\n","protected":false},"author":1,"featured_media":0,"comment_status":"open","ping_status":"open","sticky":false,"template":"","format":"standard","meta":{"footnotes":""},"categories":[6],"tags":[],"class_list":["post-61379","post","type-post","status-publish","format-standard","has-post-thumbnail","hentry","category-deportes"],"_links":{"self":[{"href":"https:\/\/masquenoticiastucuman.com.ar\/index.php?rest_route=\/wp\/v2\/posts\/61379","targetHints":{"allow":["GET"]}}],"collection":[{"href":"https:\/\/masquenoticiastucuman.com.ar\/index.php?rest_route=\/wp\/v2\/posts"}],"about":[{"href":"https:\/\/masquenoticiastucuman.com.ar\/index.php?rest_route=\/wp\/v2\/types\/post"}],"author":[{"embeddable":true,"href":"https:\/\/masquenoticiastucuman.com.ar\/index.php?rest_route=\/wp\/v2\/users\/1"}],"replies":[{"embeddable":true,"href":"https:\/\/masquenoticiastucuman.com.ar\/index.php?rest_route=%2Fwp%2Fv2%2Fcomments&post=61379"}],"version-history":[{"count":0,"href":"https:\/\/masquenoticiastucuman.com.ar\/index.php?rest_route=\/wp\/v2\/posts\/61379\/revisions"}],"wp:attachment":[{"href":"https:\/\/masquenoticiastucuman.com.ar\/index.php?rest_route=%2Fwp%2Fv2%2Fmedia&parent=61379"}],"wp:term":[{"taxonomy":"category","embeddable":true,"href":"https:\/\/masquenoticiastucuman.com.ar\/index.php?rest_route=%2Fwp%2Fv2%2Fcategories&post=61379"},{"taxonomy":"post_tag","embeddable":true,"href":"https:\/\/masquenoticiastucuman.com.ar\/index.php?rest_route=%2Fwp%2Fv2%2Ftags&post=61379"}],"curies":[{"name":"wp","href":"https:\/\/api.w.org\/{rel}","templated":true}]}}