{"id":61380,"date":"2026-04-26T12:12:57","date_gmt":"2026-04-26T15:12:57","guid":{"rendered":"https:\/\/masquenoticiastucuman.com.ar\/?p=61380"},"modified":"2026-04-26T12:12:59","modified_gmt":"2026-04-26T15:12:59","slug":"hallan-el-auto-del-hombre-desaparecido-en-termas-de-rio-hondo","status":"publish","type":"post","link":"https:\/\/masquenoticiastucuman.com.ar\/?p=61380","title":{"rendered":"Hallan el auto del hombre desaparecido en Termas de R\u00edo Hondo"},"content":{"rendered":"\n<p>El veh\u00edculo fue encontrado abandonado y qued\u00f3 secuestrado por orden judicial; avanza la investigaci\u00f3n por la desaparici\u00f3n de Franco Javier Mora<\/p>\n\n\n\n<p>En el marco de la causa por la presunta desaparici\u00f3n de Franco Javier Mora, la Polic\u00eda confirm\u00f3 el hallazgo del autom\u00f3vil en el que se movilizaba la v\u00edctima. Se trata de un Volkswagen Up blanco (dominio AB797EM), que fue encontrado abandonado en la intersecci\u00f3n de calles Avellaneda y Rivadavia, en la ciudad de Termas de R\u00edo Hondo, provincia de Santiago del Estero.<\/p>\n\n\n\n<p>El procedimiento se concret\u00f3 durante la madrugada de este 26 de abril, alrededor de las 00:30, tras una informaci\u00f3n aportada por un vecino de la localidad de Los Vegas, quien alert\u00f3 sobre la ubicaci\u00f3n del rodado.<\/p>\n\n\n\n<p>Ante esto, se solicit\u00f3 la colaboraci\u00f3n de la polic\u00eda santiague\u00f1a, que al verificar que se trataba del veh\u00edculo buscado, dio intervenci\u00f3n a la Unidad Fiscal actuante de Concepci\u00f3n. Por disposici\u00f3n judicial, se procedi\u00f3 al secuestro del autom\u00f3vil, adem\u00e1s de ordenar una inspecci\u00f3n ocular y el relevamiento de c\u00e1maras de seguridad en la zona.<\/p>\n\n\n\n<p>La causa contin\u00faa bajo la \u00f3rbita de la Unidad Fiscal de Usurpaciones, Estafas y Cibercriminalidad, mientras se coordinan actuaciones con la justicia de Santiago del Estero.<\/p>\n\n\n\n<p>Hasta el momento, no hay rastros del paradero de Mora, y la investigaci\u00f3n sigue en curso. Fuente: (Noticias del Interior)<\/p>\n","protected":false},"excerpt":{"rendered":"<p>El veh\u00edculo fue encontrado abandonado y qued\u00f3 secuestrado por orden judicial; avanza la investigaci\u00f3n por&#8230;<\/p>\n","protected":false},"author":2,"featured_media":61381,"comment_status":"open","ping_status":"open","sticky":false,"template":"","format":"standard","meta":{"footnotes":""},"categories":[2],"tags":[],"class_list":["post-61380","post","type-post","status-publish","format-standard","has-post-thumbnail","hentry","category-locales"],"_links":{"self":[{"href":"https:\/\/masquenoticiastucuman.com.ar\/index.php?rest_route=\/wp\/v2\/posts\/61380","targetHints":{"allow":["GET"]}}],"collection":[{"href":"https:\/\/masquenoticiastucuman.com.ar\/index.php?rest_route=\/wp\/v2\/posts"}],"about":[{"href":"https:\/\/masquenoticiastucuman.com.ar\/index.php?rest_route=\/wp\/v2\/types\/post"}],"author":[{"embeddable":true,"href":"https:\/\/masquenoticiastucuman.com.ar\/index.php?rest_route=\/wp\/v2\/users\/2"}],"replies":[{"embeddable":true,"href":"https:\/\/masquenoticiastucuman.com.ar\/index.php?rest_route=%2Fwp%2Fv2%2Fcomments&post=61380"}],"version-history":[{"count":1,"href":"https:\/\/masquenoticiastucuman.com.ar\/index.php?rest_route=\/wp\/v2\/posts\/61380\/revisions"}],"predecessor-version":[{"id":61382,"href":"https:\/\/masquenoticiastucuman.com.ar\/index.php?rest_route=\/wp\/v2\/posts\/61380\/revisions\/61382"}],"wp:featuredmedia":[{"embeddable":true,"href":"https:\/\/masquenoticiastucuman.com.ar\/index.php?rest_route=\/wp\/v2\/media\/61381"}],"wp:attachment":[{"href":"https:\/\/masquenoticiastucuman.com.ar\/index.php?rest_route=%2Fwp%2Fv2%2Fmedia&parent=61380"}],"wp:term":[{"taxonomy":"category","embeddable":true,"href":"https:\/\/masquenoticiastucuman.com.ar\/index.php?rest_route=%2Fwp%2Fv2%2Fcategories&post=61380"},{"taxonomy":"post_tag","embeddable":true,"href":"https:\/\/masquenoticiastucuman.com.ar\/index.php?rest_route=%2Fwp%2Fv2%2Ftags&post=61380"}],"curies":[{"name":"wp","href":"https:\/\/api.w.org\/{rel}","templated":true}]}}