{"id":61384,"date":"2026-04-26T12:32:31","date_gmt":"2026-04-26T15:32:31","guid":{"rendered":"http:\/\/masquenoticiastucuman.com.ar\/?p=61384"},"modified":"2026-04-26T12:32:31","modified_gmt":"2026-04-26T15:32:31","slug":"independiente-rivadavia-vs-gimnasia-de-mendoza-en-vivo-por-el-torneo-apertura-2026-de-la-liga-profesional-de-futbol-minuto-a-minuto-en-directo","status":"publish","type":"post","link":"https:\/\/masquenoticiastucuman.com.ar\/?p=61384","title":{"rendered":"Independiente Rivadavia vs Gimnasia de Mendoza, EN VIVO, por el Torneo Apertura 2026 de la Liga Profesional de F\u00fatbol: minuto a minuto, en directo"},"content":{"rendered":"<ul>\n<li>Juegan desde las 16 en el interzonal de la fecha 15.<\/li>\n<li>El \u00e1rbitro es Yael Falc\u00f3n P\u00e9rez, con Lucas Novelli en el VAR.<\/li>\n<\/ul>\n<p>\u200bJuegan desde las 16 en el interzonal de la fecha 15.El \u00e1rbitro es Yael Falc\u00f3n P\u00e9rez, con Lucas Novelli en el VAR.\u00a0<a href=\"https:\/\/www.clarin.com\/deportes\/independiente-rivadavia-vs-gimnasia-mendoza-vivo-torneo-apertura-2026-liga-profesional-futbol-minuto-minuto-directo_0_a2aDFk5n29.html\" target=\"_blank\" class=\"feedzy-rss-link-icon\">Read More<\/a><\/p>","protected":false},"excerpt":{"rendered":"<p>Juegan desde las 16 en el interzonal de la fecha 15. El \u00e1rbitro es Yael&#8230;<\/p>\n","protected":false},"author":1,"featured_media":0,"comment_status":"open","ping_status":"open","sticky":false,"template":"","format":"standard","meta":{"footnotes":""},"categories":[6],"tags":[],"class_list":["post-61384","post","type-post","status-publish","format-standard","has-post-thumbnail","hentry","category-deportes"],"_links":{"self":[{"href":"https:\/\/masquenoticiastucuman.com.ar\/index.php?rest_route=\/wp\/v2\/posts\/61384","targetHints":{"allow":["GET"]}}],"collection":[{"href":"https:\/\/masquenoticiastucuman.com.ar\/index.php?rest_route=\/wp\/v2\/posts"}],"about":[{"href":"https:\/\/masquenoticiastucuman.com.ar\/index.php?rest_route=\/wp\/v2\/types\/post"}],"author":[{"embeddable":true,"href":"https:\/\/masquenoticiastucuman.com.ar\/index.php?rest_route=\/wp\/v2\/users\/1"}],"replies":[{"embeddable":true,"href":"https:\/\/masquenoticiastucuman.com.ar\/index.php?rest_route=%2Fwp%2Fv2%2Fcomments&post=61384"}],"version-history":[{"count":0,"href":"https:\/\/masquenoticiastucuman.com.ar\/index.php?rest_route=\/wp\/v2\/posts\/61384\/revisions"}],"wp:attachment":[{"href":"https:\/\/masquenoticiastucuman.com.ar\/index.php?rest_route=%2Fwp%2Fv2%2Fmedia&parent=61384"}],"wp:term":[{"taxonomy":"category","embeddable":true,"href":"https:\/\/masquenoticiastucuman.com.ar\/index.php?rest_route=%2Fwp%2Fv2%2Fcategories&post=61384"},{"taxonomy":"post_tag","embeddable":true,"href":"https:\/\/masquenoticiastucuman.com.ar\/index.php?rest_route=%2Fwp%2Fv2%2Ftags&post=61384"}],"curies":[{"name":"wp","href":"https:\/\/api.w.org\/{rel}","templated":true}]}}