{"id":61385,"date":"2026-04-26T14:45:13","date_gmt":"2026-04-26T17:45:13","guid":{"rendered":"http:\/\/masquenoticiastucuman.com.ar\/?p=61385"},"modified":"2026-04-26T14:45:13","modified_gmt":"2026-04-26T17:45:13","slug":"guerra-en-medio-oriente-en-vivo-trump-dice-que-estados-unidos-no-tiene-apuro-por-cerrar-un-acuerdo-con-iran-e-israel-volvio-a-atacar-el-sur-del-libano","status":"publish","type":"post","link":"https:\/\/masquenoticiastucuman.com.ar\/?p=61385","title":{"rendered":"Guerra en Medio Oriente, EN VIVO: Trump dice que Estados Unidos no tiene apuro por cerrar un acuerdo con Ir\u00e1n e Israel volvi\u00f3 a atacar el sur del L\u00edbano"},"content":{"rendered":"<ul>\n<li>El presidente de los Estados Unidos remarc\u00f3 que su objetivo es que Teher\u00e1n renuncie a sus aspiraciones nucleares.<\/li>\n<li>Benjam\u00edn Netanyahu acus\u00f3 a Hezbollah de estar &#8220;desintegrando el alto el fuego&#8221; y sostuvo que en las \u00faltimas semanas hab\u00edan matado a 46 presuntos milicianos del grupo paramilitar.<\/li>\n<\/ul>\n<p>\u200bEl presidente de los Estados Unidos remarc\u00f3 que su objetivo es que Teher\u00e1n renuncie a sus aspiraciones nucleares.Benjam\u00edn Netanyahu acus\u00f3 a Hezbollah de estar &#8220;desintegrando el alto el fuego&#8221; y sostuvo que en las \u00faltimas semanas hab\u00edan matado a 46 presuntos milicianos del grupo paramilitar.\u00a0<a href=\"https:\/\/www.clarin.com\/mundo\/guerra-estados-unidos-israel-iran-vivo-israel-volvio-atacar-sur-libano-pakistan-intenta-reactivar-negociaciones-washington-teheran_0_QjSwvqjr8O.html\" target=\"_blank\" class=\"feedzy-rss-link-icon\">Read More<\/a><\/p>","protected":false},"excerpt":{"rendered":"<p>El presidente de los Estados Unidos remarc\u00f3 que su objetivo es que Teher\u00e1n renuncie a&#8230;<\/p>\n","protected":false},"author":1,"featured_media":61386,"comment_status":"open","ping_status":"open","sticky":false,"template":"","format":"standard","meta":{"footnotes":""},"categories":[4],"tags":[],"class_list":["post-61385","post","type-post","status-publish","format-standard","has-post-thumbnail","hentry","category-internacionales"],"_links":{"self":[{"href":"https:\/\/masquenoticiastucuman.com.ar\/index.php?rest_route=\/wp\/v2\/posts\/61385","targetHints":{"allow":["GET"]}}],"collection":[{"href":"https:\/\/masquenoticiastucuman.com.ar\/index.php?rest_route=\/wp\/v2\/posts"}],"about":[{"href":"https:\/\/masquenoticiastucuman.com.ar\/index.php?rest_route=\/wp\/v2\/types\/post"}],"author":[{"embeddable":true,"href":"https:\/\/masquenoticiastucuman.com.ar\/index.php?rest_route=\/wp\/v2\/users\/1"}],"replies":[{"embeddable":true,"href":"https:\/\/masquenoticiastucuman.com.ar\/index.php?rest_route=%2Fwp%2Fv2%2Fcomments&post=61385"}],"version-history":[{"count":0,"href":"https:\/\/masquenoticiastucuman.com.ar\/index.php?rest_route=\/wp\/v2\/posts\/61385\/revisions"}],"wp:featuredmedia":[{"embeddable":true,"href":"https:\/\/masquenoticiastucuman.com.ar\/index.php?rest_route=\/wp\/v2\/media\/61386"}],"wp:attachment":[{"href":"https:\/\/masquenoticiastucuman.com.ar\/index.php?rest_route=%2Fwp%2Fv2%2Fmedia&parent=61385"}],"wp:term":[{"taxonomy":"category","embeddable":true,"href":"https:\/\/masquenoticiastucuman.com.ar\/index.php?rest_route=%2Fwp%2Fv2%2Fcategories&post=61385"},{"taxonomy":"post_tag","embeddable":true,"href":"https:\/\/masquenoticiastucuman.com.ar\/index.php?rest_route=%2Fwp%2Fv2%2Ftags&post=61385"}],"curies":[{"name":"wp","href":"https:\/\/api.w.org\/{rel}","templated":true}]}}