{"id":61387,"date":"2026-04-26T12:41:28","date_gmt":"2026-04-26T15:41:28","guid":{"rendered":"http:\/\/masquenoticiastucuman.com.ar\/?p=61387"},"modified":"2026-04-26T12:41:28","modified_gmt":"2026-04-26T15:41:28","slug":"donald-trump-aseguro-que-el-tirador-de-washington-estuvo-motivado-por-un-profundo-odio-anticristiano-y-trascendio-un-manifiesto","status":"publish","type":"post","link":"https:\/\/masquenoticiastucuman.com.ar\/?p=61387","title":{"rendered":"Donald Trump asegur\u00f3 que el tirador de Washington estuvo motivado por un profundo odio anticristiano y trascendi\u00f3 un manifiesto"},"content":{"rendered":"<ul>\n<li>El presidente de los Estados Unidos sostuvo que Cole Tomas Allen ten\u00eda un manifiesto de un trasfondo religioso radical.<\/li>\n<li>&#8220;Ya no estoy dispuesto a permitir que un ped\u00f3filo, violador y traidor manche mis manos con sus cr\u00edmenes\u201d, escribi\u00f3 en aparente referencia a Trump.<\/li>\n<\/ul>\n<p>\u200bEl presidente de los Estados Unidos sostuvo que Cole Tomas Allen ten\u00eda un manifiesto de un trasfondo religioso radical.&#8221;Ya no estoy dispuesto a permitir que un ped\u00f3filo, violador y traidor manche mis manos con sus cr\u00edmenes\u201d, escribi\u00f3 en aparente referencia a Trump.\u00a0<a href=\"https:\/\/www.clarin.com\/mundo\/donald-trump-aseguro-tirador-washington-motivo-odio-anticristiano_0_LKryuoxGH7.html\" target=\"_blank\" class=\"feedzy-rss-link-icon\">Read More<\/a><\/p>","protected":false},"excerpt":{"rendered":"<p>El presidente de los Estados Unidos sostuvo que Cole Tomas Allen ten\u00eda un manifiesto de&#8230;<\/p>\n","protected":false},"author":1,"featured_media":61388,"comment_status":"open","ping_status":"open","sticky":false,"template":"","format":"standard","meta":{"footnotes":""},"categories":[4],"tags":[],"class_list":["post-61387","post","type-post","status-publish","format-standard","has-post-thumbnail","hentry","category-internacionales"],"_links":{"self":[{"href":"https:\/\/masquenoticiastucuman.com.ar\/index.php?rest_route=\/wp\/v2\/posts\/61387","targetHints":{"allow":["GET"]}}],"collection":[{"href":"https:\/\/masquenoticiastucuman.com.ar\/index.php?rest_route=\/wp\/v2\/posts"}],"about":[{"href":"https:\/\/masquenoticiastucuman.com.ar\/index.php?rest_route=\/wp\/v2\/types\/post"}],"author":[{"embeddable":true,"href":"https:\/\/masquenoticiastucuman.com.ar\/index.php?rest_route=\/wp\/v2\/users\/1"}],"replies":[{"embeddable":true,"href":"https:\/\/masquenoticiastucuman.com.ar\/index.php?rest_route=%2Fwp%2Fv2%2Fcomments&post=61387"}],"version-history":[{"count":0,"href":"https:\/\/masquenoticiastucuman.com.ar\/index.php?rest_route=\/wp\/v2\/posts\/61387\/revisions"}],"wp:featuredmedia":[{"embeddable":true,"href":"https:\/\/masquenoticiastucuman.com.ar\/index.php?rest_route=\/wp\/v2\/media\/61388"}],"wp:attachment":[{"href":"https:\/\/masquenoticiastucuman.com.ar\/index.php?rest_route=%2Fwp%2Fv2%2Fmedia&parent=61387"}],"wp:term":[{"taxonomy":"category","embeddable":true,"href":"https:\/\/masquenoticiastucuman.com.ar\/index.php?rest_route=%2Fwp%2Fv2%2Fcategories&post=61387"},{"taxonomy":"post_tag","embeddable":true,"href":"https:\/\/masquenoticiastucuman.com.ar\/index.php?rest_route=%2Fwp%2Fv2%2Ftags&post=61387"}],"curies":[{"name":"wp","href":"https:\/\/api.w.org\/{rel}","templated":true}]}}