{"id":61393,"date":"2026-04-26T16:00:51","date_gmt":"2026-04-26T19:00:51","guid":{"rendered":"http:\/\/masquenoticiastucuman.com.ar\/?p=61393"},"modified":"2026-04-26T16:00:51","modified_gmt":"2026-04-26T19:00:51","slug":"martin-cirio-se-suma-al-mundo-de-gran-hermano-desde-el-streaming-como-sera-la-nueva-transmision-del-mediodia","status":"publish","type":"post","link":"https:\/\/masquenoticiastucuman.com.ar\/?p=61393","title":{"rendered":"Mart\u00edn Cirio se suma al mundo de Gran Hermano desde el streaming: c\u00f3mo ser\u00e1 la nueva transmisi\u00f3n del mediod\u00eda"},"content":{"rendered":"<ul>\n<li>El streamer volver\u00e1 a reaccionar el vivo a clips del reality en su canal de Twitch, pero esta vez lo har\u00e1 en alianza con Telefe. <\/li>\n<li>C\u00f3mo verlo y cu\u00e1les son las claves para entender el fanatismo por conocer su opini\u00f3n acerca de lo que pasa en la casa.<\/li>\n<\/ul>\n<p>\u200bEl streamer volver\u00e1 a reaccionar el vivo a clips del reality en su canal de Twitch, pero esta vez lo har\u00e1 en alianza con Telefe. C\u00f3mo verlo y cu\u00e1les son las claves para entender el fanatismo por conocer su opini\u00f3n acerca de lo que pasa en la casa.\u00a0<a href=\"https:\/\/www.clarin.com\/espectaculos\/martin-cirio-suma-mundo-gran-hermano-streaming-nueva-transmision-mediodia_0_6jh2eLYs3m.html\" target=\"_blank\" class=\"feedzy-rss-link-icon\">Read More<\/a><\/p>","protected":false},"excerpt":{"rendered":"<p>El streamer volver\u00e1 a reaccionar el vivo a clips del reality en su canal de&#8230;<\/p>\n","protected":false},"author":1,"featured_media":0,"comment_status":"open","ping_status":"open","sticky":false,"template":"","format":"standard","meta":{"footnotes":""},"categories":[5],"tags":[],"class_list":["post-61393","post","type-post","status-publish","format-standard","has-post-thumbnail","hentry","category-espectaculo"],"_links":{"self":[{"href":"https:\/\/masquenoticiastucuman.com.ar\/index.php?rest_route=\/wp\/v2\/posts\/61393","targetHints":{"allow":["GET"]}}],"collection":[{"href":"https:\/\/masquenoticiastucuman.com.ar\/index.php?rest_route=\/wp\/v2\/posts"}],"about":[{"href":"https:\/\/masquenoticiastucuman.com.ar\/index.php?rest_route=\/wp\/v2\/types\/post"}],"author":[{"embeddable":true,"href":"https:\/\/masquenoticiastucuman.com.ar\/index.php?rest_route=\/wp\/v2\/users\/1"}],"replies":[{"embeddable":true,"href":"https:\/\/masquenoticiastucuman.com.ar\/index.php?rest_route=%2Fwp%2Fv2%2Fcomments&post=61393"}],"version-history":[{"count":0,"href":"https:\/\/masquenoticiastucuman.com.ar\/index.php?rest_route=\/wp\/v2\/posts\/61393\/revisions"}],"wp:attachment":[{"href":"https:\/\/masquenoticiastucuman.com.ar\/index.php?rest_route=%2Fwp%2Fv2%2Fmedia&parent=61393"}],"wp:term":[{"taxonomy":"category","embeddable":true,"href":"https:\/\/masquenoticiastucuman.com.ar\/index.php?rest_route=%2Fwp%2Fv2%2Fcategories&post=61393"},{"taxonomy":"post_tag","embeddable":true,"href":"https:\/\/masquenoticiastucuman.com.ar\/index.php?rest_route=%2Fwp%2Fv2%2Ftags&post=61393"}],"curies":[{"name":"wp","href":"https:\/\/api.w.org\/{rel}","templated":true}]}}