{"id":61394,"date":"2026-04-26T16:26:52","date_gmt":"2026-04-26T19:26:52","guid":{"rendered":"http:\/\/masquenoticiastucuman.com.ar\/?p=61394"},"modified":"2026-04-26T16:26:52","modified_gmt":"2026-04-26T19:26:52","slug":"esteban-andrada-enloquecio-y-le-dio-una-salvaje-trompada-a-un-rival-en-un-final-escandaloso-en-huesca-vs-zaragoza","status":"publish","type":"post","link":"https:\/\/masquenoticiastucuman.com.ar\/?p=61394","title":{"rendered":"Esteban Andrada enloqueci\u00f3 y le dio una salvaje trompada a un rival en un final escandaloso en Huesca vs Zaragoza"},"content":{"rendered":"<ul>\n<li>El arquero argentino se sac\u00f3 tras ver la tarjeta roja luego de una revisi\u00f3n del VAR.<\/li>\n<li>Pulido, la v\u00edctima, termin\u00f3 con un ojo en compota y con el rostro inflamado.<\/li>\n<li>Le espera una severa sanci\u00f3n al ex Lan\u00fas y Boca.<\/li>\n<\/ul>\n<p>\u200bEl arquero argentino se sac\u00f3 tras ver la tarjeta roja luego de una revisi\u00f3n del VAR.Pulido, la v\u00edctima, termin\u00f3 con un ojo en compota y con el rostro inflamado.Le espera una severa sanci\u00f3n al ex Lan\u00fas y Boca.\u00a0<a href=\"https:\/\/www.clarin.com\/deportes\/esteban-andrada-enloquecio-dio-salvaje-trompada-rival-final-escandaloso-huesca-vs-zaragoza_0_Adb47aVOcl.html\" target=\"_blank\" class=\"feedzy-rss-link-icon\">Read More<\/a><\/p>","protected":false},"excerpt":{"rendered":"<p>El arquero argentino se sac\u00f3 tras ver la tarjeta roja luego de una revisi\u00f3n del&#8230;<\/p>\n","protected":false},"author":1,"featured_media":0,"comment_status":"open","ping_status":"open","sticky":false,"template":"","format":"standard","meta":{"footnotes":""},"categories":[6],"tags":[],"class_list":["post-61394","post","type-post","status-publish","format-standard","has-post-thumbnail","hentry","category-deportes"],"_links":{"self":[{"href":"https:\/\/masquenoticiastucuman.com.ar\/index.php?rest_route=\/wp\/v2\/posts\/61394","targetHints":{"allow":["GET"]}}],"collection":[{"href":"https:\/\/masquenoticiastucuman.com.ar\/index.php?rest_route=\/wp\/v2\/posts"}],"about":[{"href":"https:\/\/masquenoticiastucuman.com.ar\/index.php?rest_route=\/wp\/v2\/types\/post"}],"author":[{"embeddable":true,"href":"https:\/\/masquenoticiastucuman.com.ar\/index.php?rest_route=\/wp\/v2\/users\/1"}],"replies":[{"embeddable":true,"href":"https:\/\/masquenoticiastucuman.com.ar\/index.php?rest_route=%2Fwp%2Fv2%2Fcomments&post=61394"}],"version-history":[{"count":0,"href":"https:\/\/masquenoticiastucuman.com.ar\/index.php?rest_route=\/wp\/v2\/posts\/61394\/revisions"}],"wp:attachment":[{"href":"https:\/\/masquenoticiastucuman.com.ar\/index.php?rest_route=%2Fwp%2Fv2%2Fmedia&parent=61394"}],"wp:term":[{"taxonomy":"category","embeddable":true,"href":"https:\/\/masquenoticiastucuman.com.ar\/index.php?rest_route=%2Fwp%2Fv2%2Fcategories&post=61394"},{"taxonomy":"post_tag","embeddable":true,"href":"https:\/\/masquenoticiastucuman.com.ar\/index.php?rest_route=%2Fwp%2Fv2%2Ftags&post=61394"}],"curies":[{"name":"wp","href":"https:\/\/api.w.org\/{rel}","templated":true}]}}