{"id":61396,"date":"2026-04-26T18:05:17","date_gmt":"2026-04-26T21:05:17","guid":{"rendered":"http:\/\/masquenoticiastucuman.com.ar\/?p=61396"},"modified":"2026-04-26T18:05:17","modified_gmt":"2026-04-26T21:05:17","slug":"crece-la-interna-de-la-rural-feroz-pelea-por-una-contratacion-fallida-y-perdidas-por-us-3-millones","status":"publish","type":"post","link":"https:\/\/masquenoticiastucuman.com.ar\/?p=61396","title":{"rendered":"Crece la interna de la Rural: feroz pelea por una contrataci\u00f3n fallida y p\u00e9rdidas por US$ 3 millones"},"content":{"rendered":"<ul>\n<li>Es entre el presidente Nicol\u00e1s Pino y su vice Marcos Pereda. <\/li>\n<li>La disputa es en torno a la modernizaci\u00f3n de los registros geneal\u00f3gicos de las diferentes razas. <\/li>\n<li>Acusaciones cruzadas de cara a las pr\u00f3ximas elecciones de la entidad.<\/li>\n<\/ul>\n<p>\u200bEs entre el presidente Nicol\u00e1s Pino y su vice Marcos Pereda. La disputa es en torno a la modernizaci\u00f3n de los registros geneal\u00f3gicos de las diferentes razas. Acusaciones cruzadas de cara a las pr\u00f3ximas elecciones de la entidad.\u00a0<a href=\"https:\/\/www.clarin.com\/economia\/crece-interna-rural-feroz-pelea-contratacion-fallida-perdidas-us-3-millones_0_wtGdCdqBbz.html\" target=\"_blank\" class=\"feedzy-rss-link-icon\">Read More<\/a><\/p>","protected":false},"excerpt":{"rendered":"<p>Es entre el presidente Nicol\u00e1s Pino y su vice Marcos Pereda. La disputa es en&#8230;<\/p>\n","protected":false},"author":1,"featured_media":0,"comment_status":"open","ping_status":"open","sticky":false,"template":"","format":"standard","meta":{"footnotes":""},"categories":[3],"tags":[],"class_list":["post-61396","post","type-post","status-publish","format-standard","has-post-thumbnail","hentry","category-nacionales"],"_links":{"self":[{"href":"https:\/\/masquenoticiastucuman.com.ar\/index.php?rest_route=\/wp\/v2\/posts\/61396","targetHints":{"allow":["GET"]}}],"collection":[{"href":"https:\/\/masquenoticiastucuman.com.ar\/index.php?rest_route=\/wp\/v2\/posts"}],"about":[{"href":"https:\/\/masquenoticiastucuman.com.ar\/index.php?rest_route=\/wp\/v2\/types\/post"}],"author":[{"embeddable":true,"href":"https:\/\/masquenoticiastucuman.com.ar\/index.php?rest_route=\/wp\/v2\/users\/1"}],"replies":[{"embeddable":true,"href":"https:\/\/masquenoticiastucuman.com.ar\/index.php?rest_route=%2Fwp%2Fv2%2Fcomments&post=61396"}],"version-history":[{"count":0,"href":"https:\/\/masquenoticiastucuman.com.ar\/index.php?rest_route=\/wp\/v2\/posts\/61396\/revisions"}],"wp:attachment":[{"href":"https:\/\/masquenoticiastucuman.com.ar\/index.php?rest_route=%2Fwp%2Fv2%2Fmedia&parent=61396"}],"wp:term":[{"taxonomy":"category","embeddable":true,"href":"https:\/\/masquenoticiastucuman.com.ar\/index.php?rest_route=%2Fwp%2Fv2%2Fcategories&post=61396"},{"taxonomy":"post_tag","embeddable":true,"href":"https:\/\/masquenoticiastucuman.com.ar\/index.php?rest_route=%2Fwp%2Fv2%2Ftags&post=61396"}],"curies":[{"name":"wp","href":"https:\/\/api.w.org\/{rel}","templated":true}]}}