{"id":61397,"date":"2026-04-26T16:56:24","date_gmt":"2026-04-26T19:56:24","guid":{"rendered":"http:\/\/masquenoticiastucuman.com.ar\/?p=61397"},"modified":"2026-04-26T16:56:24","modified_gmt":"2026-04-26T19:56:24","slug":"una-aerolinea-low-cost-de-europa-suspende-vuelos-por-la-suba-de-precios-del-combustible-como-efecto-de-la-guerra","status":"publish","type":"post","link":"https:\/\/masquenoticiastucuman.com.ar\/?p=61397","title":{"rendered":"Una aerol\u00ednea low cost de Europa suspende vuelos por la suba de precios del combustible como efecto de la guerra"},"content":{"rendered":"<ul>\n<li>Se trata de la aerol\u00ednea Transavia Francia, que anunci\u00f3 que anular\u00e1 servicios en mayo y junio.<\/li>\n<li>Las cancelaciones est\u00e1n relacionadas con el cierre del estrecho de Ormuz, que est\u00e1 impidiendo la salida de crudo y sus derivados del golfo P\u00e9rsico.<\/li>\n<\/ul>\n<p>\u200bSe trata de la aerol\u00ednea Transavia Francia, que anunci\u00f3 que anular\u00e1 servicios en mayo y junio.Las cancelaciones est\u00e1n relacionadas con el cierre del estrecho de Ormuz, que est\u00e1 impidiendo la salida de crudo y sus derivados del golfo P\u00e9rsico.\u00a0<a href=\"https:\/\/www.clarin.com\/mundo\/aerolinea-low-cost-europa-suspende-vuelos-suba-precios-combustible-efecto-guerra_0_hihUFrZ87Y.html\" target=\"_blank\" class=\"feedzy-rss-link-icon\">Read More<\/a><\/p>","protected":false},"excerpt":{"rendered":"<p>Se trata de la aerol\u00ednea Transavia Francia, que anunci\u00f3 que anular\u00e1 servicios en mayo y&#8230;<\/p>\n","protected":false},"author":1,"featured_media":61398,"comment_status":"open","ping_status":"open","sticky":false,"template":"","format":"standard","meta":{"footnotes":""},"categories":[4],"tags":[],"class_list":["post-61397","post","type-post","status-publish","format-standard","has-post-thumbnail","hentry","category-internacionales"],"_links":{"self":[{"href":"https:\/\/masquenoticiastucuman.com.ar\/index.php?rest_route=\/wp\/v2\/posts\/61397","targetHints":{"allow":["GET"]}}],"collection":[{"href":"https:\/\/masquenoticiastucuman.com.ar\/index.php?rest_route=\/wp\/v2\/posts"}],"about":[{"href":"https:\/\/masquenoticiastucuman.com.ar\/index.php?rest_route=\/wp\/v2\/types\/post"}],"author":[{"embeddable":true,"href":"https:\/\/masquenoticiastucuman.com.ar\/index.php?rest_route=\/wp\/v2\/users\/1"}],"replies":[{"embeddable":true,"href":"https:\/\/masquenoticiastucuman.com.ar\/index.php?rest_route=%2Fwp%2Fv2%2Fcomments&post=61397"}],"version-history":[{"count":0,"href":"https:\/\/masquenoticiastucuman.com.ar\/index.php?rest_route=\/wp\/v2\/posts\/61397\/revisions"}],"wp:featuredmedia":[{"embeddable":true,"href":"https:\/\/masquenoticiastucuman.com.ar\/index.php?rest_route=\/wp\/v2\/media\/61398"}],"wp:attachment":[{"href":"https:\/\/masquenoticiastucuman.com.ar\/index.php?rest_route=%2Fwp%2Fv2%2Fmedia&parent=61397"}],"wp:term":[{"taxonomy":"category","embeddable":true,"href":"https:\/\/masquenoticiastucuman.com.ar\/index.php?rest_route=%2Fwp%2Fv2%2Fcategories&post=61397"},{"taxonomy":"post_tag","embeddable":true,"href":"https:\/\/masquenoticiastucuman.com.ar\/index.php?rest_route=%2Fwp%2Fv2%2Ftags&post=61397"}],"curies":[{"name":"wp","href":"https:\/\/api.w.org\/{rel}","templated":true}]}}