{"id":61400,"date":"2026-04-26T18:56:14","date_gmt":"2026-04-26T21:56:14","guid":{"rendered":"http:\/\/masquenoticiastucuman.com.ar\/?p=61400"},"modified":"2026-04-26T18:56:14","modified_gmt":"2026-04-26T21:56:14","slug":"murio-adolfo-aristarain-el-dia-que-descalificaron-del-oscar-a-su-pelicula-un-lugar-en-el-mundo","status":"publish","type":"post","link":"https:\/\/masquenoticiastucuman.com.ar\/?p=61400","title":{"rendered":"Muri\u00f3 Adolfo Aristarain: el d\u00eda que descalificaron del Oscar a su pel\u00edcula &#8220;Un lugar en el mundo&#8221;"},"content":{"rendered":"<ul>\n<li>El director dej\u00f3 una huella clave en el cine argentino y tambi\u00e9n protagoniz\u00f3 uno de los episodios m\u00e1s ins\u00f3litos en la historia de los premios de Hollywood.<\/li>\n<li>La historia detr\u00e1s de la pol\u00e9mica que sac\u00f3 a su filme de la carrera por la estatuilla, pese a haber sido anunciada como candidata.<\/li>\n<\/ul>\n<p>\u200bEl director dej\u00f3 una huella clave en el cine argentino y tambi\u00e9n protagoniz\u00f3 uno de los episodios m\u00e1s ins\u00f3litos en la historia de los premios de Hollywood.La historia detr\u00e1s de la pol\u00e9mica que sac\u00f3 a su filme de la carrera por la estatuilla, pese a haber sido anunciada como candidata.\u00a0<a href=\"https:\/\/www.clarin.com\/espectaculos\/murio-adolfo-aristarain-dia-descalificaron-oscar-pelicula-lugar-mundo_0_efMdeuxp5W.html\" target=\"_blank\" class=\"feedzy-rss-link-icon\">Read More<\/a><\/p>","protected":false},"excerpt":{"rendered":"<p>El director dej\u00f3 una huella clave en el cine argentino y tambi\u00e9n protagoniz\u00f3 uno de&#8230;<\/p>\n","protected":false},"author":1,"featured_media":0,"comment_status":"open","ping_status":"open","sticky":false,"template":"","format":"standard","meta":{"footnotes":""},"categories":[5],"tags":[],"class_list":["post-61400","post","type-post","status-publish","format-standard","has-post-thumbnail","hentry","category-espectaculo"],"_links":{"self":[{"href":"https:\/\/masquenoticiastucuman.com.ar\/index.php?rest_route=\/wp\/v2\/posts\/61400","targetHints":{"allow":["GET"]}}],"collection":[{"href":"https:\/\/masquenoticiastucuman.com.ar\/index.php?rest_route=\/wp\/v2\/posts"}],"about":[{"href":"https:\/\/masquenoticiastucuman.com.ar\/index.php?rest_route=\/wp\/v2\/types\/post"}],"author":[{"embeddable":true,"href":"https:\/\/masquenoticiastucuman.com.ar\/index.php?rest_route=\/wp\/v2\/users\/1"}],"replies":[{"embeddable":true,"href":"https:\/\/masquenoticiastucuman.com.ar\/index.php?rest_route=%2Fwp%2Fv2%2Fcomments&post=61400"}],"version-history":[{"count":0,"href":"https:\/\/masquenoticiastucuman.com.ar\/index.php?rest_route=\/wp\/v2\/posts\/61400\/revisions"}],"wp:attachment":[{"href":"https:\/\/masquenoticiastucuman.com.ar\/index.php?rest_route=%2Fwp%2Fv2%2Fmedia&parent=61400"}],"wp:term":[{"taxonomy":"category","embeddable":true,"href":"https:\/\/masquenoticiastucuman.com.ar\/index.php?rest_route=%2Fwp%2Fv2%2Fcategories&post=61400"},{"taxonomy":"post_tag","embeddable":true,"href":"https:\/\/masquenoticiastucuman.com.ar\/index.php?rest_route=%2Fwp%2Fv2%2Ftags&post=61400"}],"curies":[{"name":"wp","href":"https:\/\/api.w.org\/{rel}","templated":true}]}}