{"id":61401,"date":"2026-04-26T18:42:03","date_gmt":"2026-04-26T21:42:03","guid":{"rendered":"http:\/\/masquenoticiastucuman.com.ar\/?p=61401"},"modified":"2026-04-26T18:42:03","modified_gmt":"2026-04-26T21:42:03","slug":"lo-que-no-se-vio-del-road-show-de-franco-colapinto-de-luck-ra-y-la-sole-a-las-historias-en-primera-persona-de-los-fanaticos-de-la-f1","status":"publish","type":"post","link":"https:\/\/masquenoticiastucuman.com.ar\/?p=61401","title":{"rendered":"Lo que no se vio del Road Show de Franco Colapinto: de Luck-Ra y la Sole a las historias en primera persona de los fan\u00e1ticos de la F1"},"content":{"rendered":"<ul>\n<li>Seiscientas mil personas coparon las calles de Palermo para ver la exhibici\u00f3n del piloto argentino de Alpine. <\/li>\n<li>Desde Salta, Rosario y Santiago del Estero. Desde Chubut, C\u00f3rdoba y Santa Fe, los fan\u00e1ticos de todo el pa\u00eds se hicieron cumplieron el sue\u00f1o de estar cerca del pilarense.<\/li>\n<\/ul>\n<p>\u200bSeiscientas mil personas coparon las calles de Palermo para ver la exhibici\u00f3n del piloto argentino de Alpine. Desde Salta, Rosario y Santiago del Estero. Desde Chubut, C\u00f3rdoba y Santa Fe, los fan\u00e1ticos de todo el pa\u00eds se hicieron cumplieron el sue\u00f1o de estar cerca del pilarense.\u00a0<a href=\"https:\/\/www.clarin.com\/deportes\/vio-road-show-franco-colapinto-luck-ra-sole-historias-primera-persona-fanaticos-f1_0_xV24Q5tFfC.html\" target=\"_blank\" class=\"feedzy-rss-link-icon\">Read More<\/a><\/p>","protected":false},"excerpt":{"rendered":"<p>Seiscientas mil personas coparon las calles de Palermo para ver la exhibici\u00f3n del piloto argentino&#8230;<\/p>\n","protected":false},"author":1,"featured_media":0,"comment_status":"open","ping_status":"open","sticky":false,"template":"","format":"standard","meta":{"footnotes":""},"categories":[6],"tags":[],"class_list":["post-61401","post","type-post","status-publish","format-standard","has-post-thumbnail","hentry","category-deportes"],"_links":{"self":[{"href":"https:\/\/masquenoticiastucuman.com.ar\/index.php?rest_route=\/wp\/v2\/posts\/61401","targetHints":{"allow":["GET"]}}],"collection":[{"href":"https:\/\/masquenoticiastucuman.com.ar\/index.php?rest_route=\/wp\/v2\/posts"}],"about":[{"href":"https:\/\/masquenoticiastucuman.com.ar\/index.php?rest_route=\/wp\/v2\/types\/post"}],"author":[{"embeddable":true,"href":"https:\/\/masquenoticiastucuman.com.ar\/index.php?rest_route=\/wp\/v2\/users\/1"}],"replies":[{"embeddable":true,"href":"https:\/\/masquenoticiastucuman.com.ar\/index.php?rest_route=%2Fwp%2Fv2%2Fcomments&post=61401"}],"version-history":[{"count":0,"href":"https:\/\/masquenoticiastucuman.com.ar\/index.php?rest_route=\/wp\/v2\/posts\/61401\/revisions"}],"wp:attachment":[{"href":"https:\/\/masquenoticiastucuman.com.ar\/index.php?rest_route=%2Fwp%2Fv2%2Fmedia&parent=61401"}],"wp:term":[{"taxonomy":"category","embeddable":true,"href":"https:\/\/masquenoticiastucuman.com.ar\/index.php?rest_route=%2Fwp%2Fv2%2Fcategories&post=61401"},{"taxonomy":"post_tag","embeddable":true,"href":"https:\/\/masquenoticiastucuman.com.ar\/index.php?rest_route=%2Fwp%2Fv2%2Ftags&post=61401"}],"curies":[{"name":"wp","href":"https:\/\/api.w.org\/{rel}","templated":true}]}}